{"id":412496,"date":"2016-07-22T12:59:18","date_gmt":"2016-07-22T17:59:18","guid":{"rendered":"http:\/\/www.futboltotal.com.mx\/?p=412496"},"modified":"2016-07-22T12:59:18","modified_gmt":"2016-07-22T17:59:18","slug":"coi-anuncia-45-nuevos-positivos-en-pekin-2008-londres-2012","status":"publish","type":"post","link":"http:\/\/desarrollo.grupomedios.com\/futbol\/juegos-olimpicos-2016\/coi-anuncia-45-nuevos-positivos-en-pekin-2008-londres-2012\/2016\/07","title":{"rendered":"El COI anuncia 45 nuevos positivos en Pek\u00edn 2008 y Londres 2012"},"content":{"rendered":"<p>Madrid, 22 jul (EFE).- El <strong>Comit\u00e9 Ol\u00edmpico Internacional<\/strong> (COI) confirm\u00f3 este viernes que el an\u00e1lisis de la segunda tanda de muestras recogidas en los <strong>Juegos Ol\u00edmpicos de Pek\u00edn 2008<\/strong> y <strong>Londres 2012<\/strong> revel\u00f3 45 nuevos positivos por dopaje.<\/p>\n<p>En un comunicado remitido hoy, el organismo que rige el deporte ol\u00edmpico inform\u00f3 de que fueron detectados 30 nuevos casos de dopaje en <strong>Pek\u00edn 2008<\/strong> -23 de ellos medallistas- y 15 en Londres 2012, lo que eleva a 98 el n\u00famero de positivos tras el rean\u00e1lisis de las muestras recogidas en esos dos eventos.<\/p>\n<p>El <strong>COI<\/strong> explic\u00f3 que el an\u00e1lisis de las muestras de <strong>Pek\u00edn<\/strong> estuvieron centradas fundamentalmente en medallistas y que 23 de los 30 nuevos positivos son de deportistas que ascendieron al podio. Pertenecen a cuatro disciplinas distintas y se ven afectados ocho comit\u00e9s ol\u00edmpicos nacionales.<\/p>\n<p>&nbsp;<\/p>\n<blockquote class=\"twitter-tweet\" data-lang=\"en\">\n<p dir=\"ltr\" lang=\"en\">Second wave of reanalysis reveals banned substances in 45 athletes from Beijing and London <a href=\"https:\/\/t.co\/X1NuKfdEqk\">https:\/\/t.co\/X1NuKfdEqk<\/a> <a href=\"https:\/\/t.co\/USBreAcOSM\">pic.twitter.com\/USBreAcOSM<\/a><\/p>\n<p>\u2014 IOC MEDIA (@iocmedia) <a href=\"https:\/\/twitter.com\/iocmedia\/status\/756448552260280320\">July 22, 2016<\/a><\/p><\/blockquote>\n<p><script src=\"\/\/platform.twitter.com\/widgets.js\" async=\"\" charset=\"utf-8\"><\/script><\/p>\n<p>&nbsp;<\/p>\n<p>&nbsp;<\/p>\n<p>Los 15 positivos de <strong>Londres 2012<\/strong>, por su parte, afectan a dos deportes y a nueve comit\u00e9s nacionales.<\/p>\n<p>Los <strong>Comit\u00e9s Ol\u00edmpicos Nacionales<\/strong> y sus respectivas Federaciones Internacionales ser\u00e1n informados una vez d\u00e9 comienzo el procedimiento en contra de los deportistas a los que el <strong>COI<\/strong> acusa de haber infringido el c\u00f3digo antidopaje. Los mismos no podr\u00e1n participar en los <strong>Juegos Ol\u00edmpicos de R\u00edo 2016<\/strong>.<\/p>\n<p>Los 98 positivos fueron desvelados tras el rean\u00e1lisis de 1.243 muestras recogidas en los Juegos de Pek\u00edn y Londres.<\/p>\n<p>Tras la celebraci\u00f3n entre el 5 y el 21 de agosto de los <strong>Juegos Ol\u00edmpicos de R\u00edo de Janeiro<\/strong>, el Comit\u00e9 Ol\u00edmpico Internacional proceder\u00e1 al an\u00e1lisis de la tercera y cuarta tandas.<\/p>\n<p>El presidente del COI, <strong>Thomas Bach<\/strong>, subray\u00f3 en el mismo comunicado que el rean\u00e1lisis de estas muestras evidencia &#8220;la decidida lucha&#8221; del organismo contra el dopaje. EFE<\/p>\n","protected":false},"excerpt":{"rendered":"<p>Siguen las sanciones por dopaje<\/p>\n","protected":false},"author":144,"featured_media":412498,"comment_status":"closed","ping_status":"closed","sticky":false,"template":"","format":"standard","meta":[],"categories":[7182,7188,7189],"tags":[2944,1911,5664],"_links":{"self":[{"href":"http:\/\/desarrollo.grupomedios.com\/futbol\/wp-json\/wp\/v2\/posts\/412496"}],"collection":[{"href":"http:\/\/desarrollo.grupomedios.com\/futbol\/wp-json\/wp\/v2\/posts"}],"about":[{"href":"http:\/\/desarrollo.grupomedios.com\/futbol\/wp-json\/wp\/v2\/types\/post"}],"author":[{"embeddable":true,"href":"http:\/\/desarrollo.grupomedios.com\/futbol\/wp-json\/wp\/v2\/users\/144"}],"replies":[{"embeddable":true,"href":"http:\/\/desarrollo.grupomedios.com\/futbol\/wp-json\/wp\/v2\/comments?post=412496"}],"version-history":[{"count":0,"href":"http:\/\/desarrollo.grupomedios.com\/futbol\/wp-json\/wp\/v2\/posts\/412496\/revisions"}],"wp:featuredmedia":[{"embeddable":true,"href":"http:\/\/desarrollo.grupomedios.com\/futbol\/wp-json\/wp\/v2\/media\/412498"}],"wp:attachment":[{"href":"http:\/\/desarrollo.grupomedios.com\/futbol\/wp-json\/wp\/v2\/media?parent=412496"}],"wp:term":[{"taxonomy":"category","embeddable":true,"href":"http:\/\/desarrollo.grupomedios.com\/futbol\/wp-json\/wp\/v2\/categories?post=412496"},{"taxonomy":"post_tag","embeddable":true,"href":"http:\/\/desarrollo.grupomedios.com\/futbol\/wp-json\/wp\/v2\/tags?post=412496"}],"curies":[{"name":"wp","href":"https:\/\/api.w.org\/{rel}","templated":true}]}}