{"id":412501,"date":"2016-07-22T13:14:48","date_gmt":"2016-07-22T18:14:48","guid":{"rendered":"http:\/\/www.futboltotal.com.mx\/?p=412501"},"modified":"2016-07-22T13:14:48","modified_gmt":"2016-07-22T18:14:48","slug":"peralta-suena-una-final-donde-estaran-tres-los-mejores-la-historia","status":"publish","type":"post","link":"http:\/\/desarrollo.grupomedios.com\/futbol\/juegos-olimpicos-2016\/peralta-suena-una-final-donde-estaran-tres-los-mejores-la-historia\/2016\/07","title":{"rendered":"Peralta sue\u00f1a una final con &#8220;tres de los mejores de la historia&#8221;"},"content":{"rendered":"<p>Las Palmas de Gran Canaria, 19 jul (EFE).- El nadador andaluz <strong>Carlos Peralta<\/strong> afirm\u00f3 este lunes que se prepara para hacer su mejor marca en los 200 metros mariposa durante los <strong>Juegos Ol\u00edmpicos de R\u00edo<\/strong> de Janeiro, consciente de que solo as\u00ed tendr\u00e1 opciones de meterse en una final donde estar\u00e1n &#8220;tres de los mejores de la historia&#8221;.<\/p>\n<p>&#8220;Queda poquito para los Juegos y seguimos afinando. Por lo que he visto esta temporada, creo que lo importante ser\u00e1 hacer mi mejor marca y que eso me abra las opciones de poder luchar en la final. Pretendo llegar, hacer mi mejor marca y competir con los mejores del mundo&#8221;, ha apuntado <strong>Peralta<\/strong> ante los medios de comunicaci\u00f3n en Gran Canaria, donde est\u00e1 concentrado con el equipo ol\u00edmpico espa\u00f1ol.<\/p>\n<p>&nbsp;<\/p>\n<blockquote class=\"twitter-tweet\" data-lang=\"en\">\n<p dir=\"ltr\" lang=\"en\"><a href=\"https:\/\/t.co\/ciZZLCbNNo\">https:\/\/t.co\/ciZZLCbNNo<\/a> &#8211; Swimming Entry List for Rio <a href=\"https:\/\/twitter.com\/hashtag\/FINA?src=hash\">#FINA<\/a> <a href=\"https:\/\/twitter.com\/hashtag\/swimming?src=hash\">#swimming<\/a> <a href=\"https:\/\/twitter.com\/hashtag\/roadtorio?src=hash\">#roadtorio<\/a> <a href=\"https:\/\/twitter.com\/Rio2016_en\">@Rio2016_en<\/a> <a href=\"https:\/\/t.co\/HM12ADOBpN\">pic.twitter.com\/HM12ADOBpN<\/a><\/p>\n<p>\u2014 FINA (@fina1908) <a href=\"https:\/\/twitter.com\/fina1908\/status\/755680617526853632\">July 20, 2016<\/a><\/p><\/blockquote>\n<p><script src=\"\/\/platform.twitter.com\/widgets.js\" async=\"\" charset=\"utf-8\"><\/script><br \/>\nEl nadador del Real Canoe, quien ha firmado un tiempo de 1:57.56 en su especialidad en el Campeonato de Espa\u00f1a absoluto, cree que estar\u00e1 &#8220;dif\u00edcil&#8221; cosechar alguna medalla en Brasil.<\/p>\n<p>&nbsp;<\/p>\n<blockquote><p>&#8220;En mi prueba est\u00e1n tres de los mejores nadadores de la historia -Chad Le Clos (Sud\u00e1frica), Laszlo Cseh (Hungr\u00eda) y Michael Phelps (Estados Unidos)-, pero a nivel de equipo veo bastantes posibilidades de ganar medallas&#8221;, ha agregado.<\/p><\/blockquote>\n<p>&nbsp;<\/p>\n<p>Peralta, de 23 a\u00f1os, se ha mostrado &#8220;muy contento&#8221; por ser campe\u00f3n nacional en la prueba de 200 mariposa &#8220;por quinto a\u00f1o consecutivo&#8221;.<\/p>\n<p>&nbsp;<\/p>\n<blockquote><p>&#8220;El balance es muy positivo y, de cara a los Juegos, la marca est\u00e1 bastante bien. Es lo que ven\u00edamos buscando y me aporta m\u00e1s ganas de seguir hasta los Juegos. En general, todos hemos hecho muy buenas marcas y la cosa pinta bastante bien de cara a los Juegos&#8221;.<\/p><\/blockquote>\n<p>&nbsp;<\/p>\n<p>Sobre las posibilidades de <strong>Mireia Belmonte<\/strong>, subcampeona en 200 metros mariposa y 800 libres en los Juegos Ol\u00edmpicos de Londres (2012), Peralta ha dicho que, junto a Jessica Vall y Melani Costa, tendr\u00e1n &#8220;opciones&#8221; de medallas. EFE<\/p>\n","protected":false},"excerpt":{"rendered":"<p>Chad Le Clos, Laszlo Cseh y Michael Phelps son el gran reto del nadador espa\u00f1ol.<\/p>\n","protected":false},"author":144,"featured_media":412502,"comment_status":"closed","ping_status":"closed","sticky":false,"template":"","format":"standard","meta":[],"categories":[7185,7182],"tags":[1911,7271,7270,5664],"_links":{"self":[{"href":"http:\/\/desarrollo.grupomedios.com\/futbol\/wp-json\/wp\/v2\/posts\/412501"}],"collection":[{"href":"http:\/\/desarrollo.grupomedios.com\/futbol\/wp-json\/wp\/v2\/posts"}],"about":[{"href":"http:\/\/desarrollo.grupomedios.com\/futbol\/wp-json\/wp\/v2\/types\/post"}],"author":[{"embeddable":true,"href":"http:\/\/desarrollo.grupomedios.com\/futbol\/wp-json\/wp\/v2\/users\/144"}],"replies":[{"embeddable":true,"href":"http:\/\/desarrollo.grupomedios.com\/futbol\/wp-json\/wp\/v2\/comments?post=412501"}],"version-history":[{"count":0,"href":"http:\/\/desarrollo.grupomedios.com\/futbol\/wp-json\/wp\/v2\/posts\/412501\/revisions"}],"wp:featuredmedia":[{"embeddable":true,"href":"http:\/\/desarrollo.grupomedios.com\/futbol\/wp-json\/wp\/v2\/media\/412502"}],"wp:attachment":[{"href":"http:\/\/desarrollo.grupomedios.com\/futbol\/wp-json\/wp\/v2\/media?parent=412501"}],"wp:term":[{"taxonomy":"category","embeddable":true,"href":"http:\/\/desarrollo.grupomedios.com\/futbol\/wp-json\/wp\/v2\/categories?post=412501"},{"taxonomy":"post_tag","embeddable":true,"href":"http:\/\/desarrollo.grupomedios.com\/futbol\/wp-json\/wp\/v2\/tags?post=412501"}],"curies":[{"name":"wp","href":"https:\/\/api.w.org\/{rel}","templated":true}]}}