{"id":412509,"date":"2016-07-22T19:26:37","date_gmt":"2016-07-23T00:26:37","guid":{"rendered":"http:\/\/www.futboltotal.com.mx\/?p=412509"},"modified":"2016-07-22T19:27:33","modified_gmt":"2016-07-23T00:27:33","slug":"oficial-guillermo-ochoa-llega-al-granada","status":"publish","type":"post","link":"http:\/\/desarrollo.grupomedios.com\/futbol\/destacado-home\/oficial-guillermo-ochoa-llega-al-granada\/2016\/07","title":{"rendered":"OFICIAL: Guillermo Ochoa llega al Granada"},"content":{"rendered":"<p>El <strong>Granada<\/strong> de Espa\u00f1a ha hecho oficial la llegada del mexicano, <strong>Guillermo Ochoa<\/strong>, para la pr\u00f3xima temporada 2016-17 despu\u00e9s de haber alcanzado un acuerdo con el M\u00e1laga para la cesi\u00f3n del arquero.<\/p>\n<p style=\"text-align: center;\"><span style=\"color: #3366ff;\">LEER M\u00c1S:\u00a0<a style=\"color: #3366ff;\" href=\"http:\/\/www.futboltotal.com.mx\/2016\/07\/benfica-rechazo-oferta-de-china-por-raul-jimenez\/\">Benfica rechaz\u00f3 jugosa oferta por Ra\u00fal Jim\u00e9nez<\/a><\/span><\/p>\n<blockquote class=\"twitter-tweet\" data-lang=\"es\">\n<p dir=\"ltr\" lang=\"es\">.<a href=\"https:\/\/twitter.com\/yosoy8a\">@yosoy8a<\/a> viene al Granada CF cedido por una temporada: <a href=\"https:\/\/t.co\/ViX8nifeAJ\">https:\/\/t.co\/ViX8nifeAJ<\/a> <a href=\"https:\/\/twitter.com\/hashtag\/OchoaNazari?src=hash\">#OchoaNazari<\/a> <a href=\"https:\/\/t.co\/CiYtOtLusL\">pic.twitter.com\/CiYtOtLusL<\/a><\/p>\n<p>\u2014 Granada C.F. (@GranadaCdeF) <a href=\"https:\/\/twitter.com\/GranadaCdeF\/status\/756581168313761792\">22 de julio de 2016<\/a><\/p><\/blockquote>\n<p><script src=\"\/\/platform.twitter.com\/widgets.js\" async=\"\" charset=\"utf-8\"><\/script><\/p>\n<p>El portero se estar\u00e1 a pr\u00e9stamo por una temporada con el club rojiblanco y al terminar quedar\u00e1 como jugador libre, pues su contrato con el M\u00e1laga era hasta el 2017.<\/p>\n<p><strong>Ochoa<\/strong> se incorporar\u00e1 el martes a los entrenamientos del <strong>Granada<\/strong> y ser\u00e1 presentado ese mismo d\u00eda en la Ciudad Deportiva del club.<\/p>\n<p style=\"text-align: center;\"><span style=\"color: #3366ff;\">LEER M\u00c1S:\u00a0<a style=\"color: #3366ff;\" href=\"http:\/\/www.futboltotal.com.mx\/2016\/07\/guardiola-aparecio-en-taxi-charlando-fan-del-city\/\">Guardiola charl\u00f3 en un taxi con fan del Manchester City<\/a><\/span><\/p>\n","protected":false},"excerpt":{"rendered":"<p>El portero mexicano ir\u00e1 cedido por un a\u00f1o<\/p>\n","protected":false},"author":20,"featured_media":412510,"comment_status":"closed","ping_status":"closed","sticky":false,"template":"","format":"standard","meta":[],"categories":[5,3839,6718],"tags":[6214,4545],"_links":{"self":[{"href":"http:\/\/desarrollo.grupomedios.com\/futbol\/wp-json\/wp\/v2\/posts\/412509"}],"collection":[{"href":"http:\/\/desarrollo.grupomedios.com\/futbol\/wp-json\/wp\/v2\/posts"}],"about":[{"href":"http:\/\/desarrollo.grupomedios.com\/futbol\/wp-json\/wp\/v2\/types\/post"}],"author":[{"embeddable":true,"href":"http:\/\/desarrollo.grupomedios.com\/futbol\/wp-json\/wp\/v2\/users\/20"}],"replies":[{"embeddable":true,"href":"http:\/\/desarrollo.grupomedios.com\/futbol\/wp-json\/wp\/v2\/comments?post=412509"}],"version-history":[{"count":0,"href":"http:\/\/desarrollo.grupomedios.com\/futbol\/wp-json\/wp\/v2\/posts\/412509\/revisions"}],"wp:featuredmedia":[{"embeddable":true,"href":"http:\/\/desarrollo.grupomedios.com\/futbol\/wp-json\/wp\/v2\/media\/412510"}],"wp:attachment":[{"href":"http:\/\/desarrollo.grupomedios.com\/futbol\/wp-json\/wp\/v2\/media?parent=412509"}],"wp:term":[{"taxonomy":"category","embeddable":true,"href":"http:\/\/desarrollo.grupomedios.com\/futbol\/wp-json\/wp\/v2\/categories?post=412509"},{"taxonomy":"post_tag","embeddable":true,"href":"http:\/\/desarrollo.grupomedios.com\/futbol\/wp-json\/wp\/v2\/tags?post=412509"}],"curies":[{"name":"wp","href":"https:\/\/api.w.org\/{rel}","templated":true}]}}