{"id":412524,"date":"2016-07-22T16:55:39","date_gmt":"2016-07-22T21:55:39","guid":{"rendered":"http:\/\/www.futboltotal.com.mx\/?p=412524"},"modified":"2016-07-22T17:00:01","modified_gmt":"2016-07-22T22:00:01","slug":"chicharito-hernandez-participa-en-goleada-del-leverkusen","status":"publish","type":"post","link":"http:\/\/desarrollo.grupomedios.com\/futbol\/destacado-home\/chicharito-hernandez-participa-en-goleada-del-leverkusen\/2016\/07","title":{"rendered":"Chicharito particip\u00f3 en goleada del Leverkusen"},"content":{"rendered":"<p>El <strong>Bayer Leverkusen<\/strong> disput\u00f3 este viernes su segundo partido de preparaci\u00f3n de cara a la Bundesliga 2016-17 y el partido tuvo participaci\u00f3n del mexicano <strong>Javier Hern\u00e1ndez<\/strong>.<\/p>\n<p style=\"text-align: center;\"><span style=\"color: #3366ff;\">LEER M\u00c1S:\u00a0<a style=\"color: #3366ff;\" href=\"http:\/\/www.futboltotal.com.mx\/2016\/07\/le-espera-a-guillermo-ochoa-en-granada\/\">\u00bfQu\u00e9 le espera a Guillermo Ochoa en el Granada?<\/a><\/span><\/p>\n<blockquote class=\"twitter-tweet\" data-lang=\"es\">\n<p dir=\"ltr\" lang=\"cy\">\u00a1Victoria! \u26ab\ufe0f<\/p>\n<p>Tus Koblenz 0-4 <a href=\"https:\/\/twitter.com\/hashtag\/Bayer04?src=hash\">#Bayer04<\/a><\/p>\n<p>\u26bd\ufe0f\u26bd\ufe0f <a href=\"https:\/\/twitter.com\/KeVolland\">@KeVolland<\/a><br \/>\n\u26bd\ufe0fJulian <a href=\"https:\/\/twitter.com\/hashtag\/Brandt?src=hash\">#Brandt<\/a><br \/>\n\u26bd\ufe0f Autogol <a href=\"https:\/\/t.co\/Ls9E0bsB41\">pic.twitter.com\/Ls9E0bsB41<\/a><\/p>\n<p>\u2014 Bayer 04 Leverkusen (@bayer04_es) <a href=\"https:\/\/twitter.com\/bayer04_es\/status\/756559365063135232\">22 de julio de 2016<\/a><\/p><\/blockquote>\n<p><script src=\"\/\/platform.twitter.com\/widgets.js\" async=\"\" charset=\"utf-8\"><\/script><\/p>\n<p><strong><em>Chicharito<\/em><\/strong> salt\u00f3 como titular en el partido entre las aspirinas y el Tus Koblenz, un club regional alem\u00e1n. El mexicano solo particip\u00f3 los primeros 45 minutos del encuentro y colabor\u00f3 con una asistencia para uno de los goles del nuevo refuerzo Kevin Volland.<\/p>\n<blockquote class=\"twitter-tweet\" data-lang=\"es\"><p>\n\u00a1R\u00e1pidamente se hicieron grandes amigos! \u26bd\ufe0f<a href=\"https:\/\/twitter.com\/CH14_\">@CH14_<\/a> y <a href=\"https:\/\/twitter.com\/KeVolland\">@KeVolland<\/a>, listos para la <a href=\"https:\/\/twitter.com\/Bundesliga_EN\">@Bundesliga_EN<\/a> y <a href=\"https:\/\/twitter.com\/LigadeCampeones\">@LigaDeCampeones<\/a>. <a href=\"https:\/\/t.co\/PG5OGsXwti\">pic.twitter.com\/PG5OGsXwti<\/a><\/p>\n<p>\u2014 Bayer 04 Leverkusen (@bayer04_es) <a href=\"https:\/\/twitter.com\/bayer04_es\/status\/756551154364846080\">22 de julio de 2016<\/a>\n<\/p><\/blockquote>\n<p><script src=\"\/\/platform.twitter.com\/widgets.js\" async=\"\" charset=\"utf-8\"><\/script><\/p>\n<p>Los otros foles fueron obra de un autogol del jugador del Koblenz y otro del joven alem\u00e1n, Julian Brandt.<\/p>\n<p style=\"text-align: center;\"><span style=\"color: #3366ff;\">LEER M\u00c1S:\u00a0<a style=\"color: #3366ff;\" href=\"http:\/\/www.futboltotal.com.mx\/2016\/07\/benfica-rechazo-oferta-de-china-por-raul-jimenez\/\">Benfica rechaz\u00f3 jugosa oferta por Ra\u00fal Jim\u00e9nez<\/a><\/span><\/p>\n","protected":false},"excerpt":{"rendered":"<p>El mexicano particip\u00f3 45 minutos y dio una asistencia<\/p>\n","protected":false},"author":20,"featured_media":412525,"comment_status":"closed","ping_status":"closed","sticky":false,"template":"","format":"standard","meta":[],"categories":[5,3839,6718],"tags":[120,4545],"_links":{"self":[{"href":"http:\/\/desarrollo.grupomedios.com\/futbol\/wp-json\/wp\/v2\/posts\/412524"}],"collection":[{"href":"http:\/\/desarrollo.grupomedios.com\/futbol\/wp-json\/wp\/v2\/posts"}],"about":[{"href":"http:\/\/desarrollo.grupomedios.com\/futbol\/wp-json\/wp\/v2\/types\/post"}],"author":[{"embeddable":true,"href":"http:\/\/desarrollo.grupomedios.com\/futbol\/wp-json\/wp\/v2\/users\/20"}],"replies":[{"embeddable":true,"href":"http:\/\/desarrollo.grupomedios.com\/futbol\/wp-json\/wp\/v2\/comments?post=412524"}],"version-history":[{"count":0,"href":"http:\/\/desarrollo.grupomedios.com\/futbol\/wp-json\/wp\/v2\/posts\/412524\/revisions"}],"wp:featuredmedia":[{"embeddable":true,"href":"http:\/\/desarrollo.grupomedios.com\/futbol\/wp-json\/wp\/v2\/media\/412525"}],"wp:attachment":[{"href":"http:\/\/desarrollo.grupomedios.com\/futbol\/wp-json\/wp\/v2\/media?parent=412524"}],"wp:term":[{"taxonomy":"category","embeddable":true,"href":"http:\/\/desarrollo.grupomedios.com\/futbol\/wp-json\/wp\/v2\/categories?post=412524"},{"taxonomy":"post_tag","embeddable":true,"href":"http:\/\/desarrollo.grupomedios.com\/futbol\/wp-json\/wp\/v2\/tags?post=412524"}],"curies":[{"name":"wp","href":"https:\/\/api.w.org\/{rel}","templated":true}]}}