{"id":412526,"date":"2016-07-22T16:55:42","date_gmt":"2016-07-22T21:55:42","guid":{"rendered":"http:\/\/www.futboltotal.com.mx\/?p=412526"},"modified":"2016-07-22T17:01:40","modified_gmt":"2016-07-22T22:01:40","slug":"la-irregularidad-los-delanteros-mexicanos","status":"publish","type":"post","link":"http:\/\/desarrollo.grupomedios.com\/futbol\/destacado-home\/la-irregularidad-los-delanteros-mexicanos\/2016\/07","title":{"rendered":"La irregularidad de los delanteros mexicanos"},"content":{"rendered":"<p>Hist\u00f3ricamente, una de las dolencias de la <a href=\"http:\/\/www.futboltotal.com.mx\/futbol-mexicano\/\" target=\"_blank\"><strong>Liga MX<\/strong><\/a> es encontrar delanteros nacionales que manden a la banca a los numerosos extranjeros que llegan cada torneo, el problema es que son pocos los connacionales que consiguen una oportunidad en dicha posici\u00f3n, por si fuera poco, la mayor\u00eda de ellos tienden a ser irregulares, situaci\u00f3n que te mostramos cinco casos.<\/p>\n<p><script src=\"\/\/cdn.playbuzz.com\/widget\/feed.js\" type=\"text\/javascript\"><\/script><\/p>\n<div class=\"pb_feed\" data-embed-by=\"d43f3879-83ed-40bc-99d7-fde80605466f\" data-game=\"\/futboltotal\/la-irregularidad-de-los-delanteros-mexicanos\" data-recommend=\"false\" data-game-info=\"false\" data-comments=\"false\"><\/div>\n<p><span style=\"color: #800000;\"><strong>Aldo de Nigris<\/strong><\/span> |\u00a0Su mayor error fue irse a Chivas, porque en Verde Valle nunca pudo dar su mejor versi\u00f3n, ahora con Monterrey no deja de ser suplente.<\/p>\n<p><span style=\"color: #800000;\"><strong>Javier Orozco<\/strong><\/span> |\u00a0M\u00e1s all\u00e1 de los cuatro goles en la Final del CL15, Chuletita sigue sin dar el estir\u00f3n que se vislumbraba en sus inicios.<\/p>\n<p><span style=\"color: #800000;\"><strong>Carlos Ochoa<\/strong><\/span> |\u00a0Todo un trotaclubes, pero en ninguno pudo consolidarse. En Morelia dio sus mejores n\u00fameros, sin estos ser destacados.<\/p>\n<p><span style=\"color: #800000;\"><strong>Enrique Esqueda<\/strong><\/span> |\u00a0&#8220;El Paleta es mejor que Chicharito&#8221;, parece que en esto se equivoc\u00f3 Reinoso, pues el ariete no ha podido trascender.<\/p>\n<p><span style=\"color: #800000;\"><strong>Gerardo Lugo<\/strong><\/span> |\u00a0Su carrera fue a pique, al grado que Ju\u00e1rez FC lo trat\u00f3 como un &#8220;novato&#8221; e intent\u00f3 reducirle el sueldo, situaci\u00f3n que denunci\u00f3 el jugador.<\/p>\n<p><span style=\"color: #ff0000;\"><strong>VIDEO<\/strong>: Agenda de TV de la jornada 2<\/span><br \/>\n[video_player]https:\/\/player.vimeo.com\/external\/175409663.sd.mp4?s=55e2f53d4beeb0930add3838f01c3aca1c1f3865&amp;profile_id=165[\/video_player]<\/p>\n","protected":false},"excerpt":{"rendered":"<p>Los arietes nacionales no suelen ser letales<\/p>\n","protected":false},"author":20,"featured_media":412528,"comment_status":"closed","ping_status":"closed","sticky":false,"template":"","format":"standard","meta":[],"categories":[5,2198,3845],"tags":[64],"_links":{"self":[{"href":"http:\/\/desarrollo.grupomedios.com\/futbol\/wp-json\/wp\/v2\/posts\/412526"}],"collection":[{"href":"http:\/\/desarrollo.grupomedios.com\/futbol\/wp-json\/wp\/v2\/posts"}],"about":[{"href":"http:\/\/desarrollo.grupomedios.com\/futbol\/wp-json\/wp\/v2\/types\/post"}],"author":[{"embeddable":true,"href":"http:\/\/desarrollo.grupomedios.com\/futbol\/wp-json\/wp\/v2\/users\/20"}],"replies":[{"embeddable":true,"href":"http:\/\/desarrollo.grupomedios.com\/futbol\/wp-json\/wp\/v2\/comments?post=412526"}],"version-history":[{"count":0,"href":"http:\/\/desarrollo.grupomedios.com\/futbol\/wp-json\/wp\/v2\/posts\/412526\/revisions"}],"wp:featuredmedia":[{"embeddable":true,"href":"http:\/\/desarrollo.grupomedios.com\/futbol\/wp-json\/wp\/v2\/media\/412528"}],"wp:attachment":[{"href":"http:\/\/desarrollo.grupomedios.com\/futbol\/wp-json\/wp\/v2\/media?parent=412526"}],"wp:term":[{"taxonomy":"category","embeddable":true,"href":"http:\/\/desarrollo.grupomedios.com\/futbol\/wp-json\/wp\/v2\/categories?post=412526"},{"taxonomy":"post_tag","embeddable":true,"href":"http:\/\/desarrollo.grupomedios.com\/futbol\/wp-json\/wp\/v2\/tags?post=412526"}],"curies":[{"name":"wp","href":"https:\/\/api.w.org\/{rel}","templated":true}]}}