{"id":412574,"date":"2016-07-22T20:40:42","date_gmt":"2016-07-23T01:40:42","guid":{"rendered":"http:\/\/www.futboltotal.com.mx\/?p=412574"},"modified":"2016-07-22T20:40:42","modified_gmt":"2016-07-23T01:40:42","slug":"juan-carlos-osorio-estara-presente-en-cruz-azul-pumas","status":"publish","type":"post","link":"http:\/\/desarrollo.grupomedios.com\/futbol\/destacado-home\/juan-carlos-osorio-estara-presente-en-cruz-azul-pumas\/2016\/07","title":{"rendered":"Juan Carlos Osorio reanudar\u00e1 sus visorias"},"content":{"rendered":"<p>Despu\u00e9s de la goleada de 7-0 que le propin\u00f3 Chile en la Copa Am\u00e9rica y que puso en jaque su continuidad al frente de la <a href=\"http:\/\/www.futboltotal.com.mx\/futbol-mexicano\/seleccion-mexicana\/\" target=\"_blank\"><strong>Selecci\u00f3n Mexicana<\/strong><\/a>, el colombiano <strong>Juan Carlos Osorio<\/strong> reanudar\u00e1 sus visorias en la Liga MX, toda vez que acuda a tres encuentros, en el que sobresale el coque entre <strong>Cruz Azul<\/strong> y <strong>Pumas<\/strong>.<\/p>\n<p>La Federaci\u00f3n Mexicana de Futbol (FMF) dio a conocer el itinerario del entrenador <em>cafetero<\/em> el cual arrancar\u00e1 el s\u00e1bado en el Estadio Azul en punto de las 17:00 horas. Cuando acabe el encuentro se trasladar\u00e1 a la cancha del Azteca para observar el choque entre Am\u00e9rica y Toluca (21:00).<\/p>\n<blockquote class=\"twitter-tweet\" data-lang=\"es\">\n<p dir=\"ltr\" lang=\"es\">Contin\u00faan las visorias de nuestro Cuerpo T\u00e9cnico en la <a href=\"https:\/\/twitter.com\/hashtag\/LigaMX?src=hash\">#LigaMX<\/a>.<\/p>\n<p>Aqu\u00ed todos los detalles: <a href=\"https:\/\/t.co\/GHhXjuwU6H\">https:\/\/t.co\/GHhXjuwU6H<\/a><\/p>\n<p>\u2014 Selecci\u00f3n Nacional (@miseleccionmx) <a href=\"https:\/\/twitter.com\/miseleccionmx\/status\/756603776593645568\">22 de julio de 2016<\/a><\/p><\/blockquote>\n<p><script src=\"\/\/platform.twitter.com\/widgets.js\" async=\"\" charset=\"utf-8\"><\/script><\/p>\n<p>Finalmente el domingo se ir\u00e1 a Puebla para seguir el \u00faltimo cotejo de la jornada 2 del Apertura 2016, cuando la <em>Franja<\/em> se mida con Xolos en punto de las 18:00 horas.<\/p>\n<p>Cabe recordar que el <em>Tri<\/em> seguir\u00e1 con las eliminatorias mundialistas en septiembre, cuando se enfrenta a El Salvador el d\u00eda 2 y el 6 con Honduras.<\/p>\n<p><span style=\"color: #ff0000;\"><strong>VIDEO<\/strong>: Agenda de TV de la jornada 2<\/span><br \/>\n[video_player]https:\/\/player.vimeo.com\/external\/175409663.sd.mp4?s=55e2f53d4beeb0930add3838f01c3aca1c1f3865&amp;profile_id=165[\/video_player]<\/p>\n","protected":false},"excerpt":{"rendered":"<p>El DT estar\u00e1 en tres juegos de la Liga MX<\/p>\n","protected":false},"author":20,"featured_media":412575,"comment_status":"closed","ping_status":"closed","sticky":false,"template":"","format":"standard","meta":[],"categories":[5,3839,2198,3845,3847],"tags":[6196,5979],"_links":{"self":[{"href":"http:\/\/desarrollo.grupomedios.com\/futbol\/wp-json\/wp\/v2\/posts\/412574"}],"collection":[{"href":"http:\/\/desarrollo.grupomedios.com\/futbol\/wp-json\/wp\/v2\/posts"}],"about":[{"href":"http:\/\/desarrollo.grupomedios.com\/futbol\/wp-json\/wp\/v2\/types\/post"}],"author":[{"embeddable":true,"href":"http:\/\/desarrollo.grupomedios.com\/futbol\/wp-json\/wp\/v2\/users\/20"}],"replies":[{"embeddable":true,"href":"http:\/\/desarrollo.grupomedios.com\/futbol\/wp-json\/wp\/v2\/comments?post=412574"}],"version-history":[{"count":0,"href":"http:\/\/desarrollo.grupomedios.com\/futbol\/wp-json\/wp\/v2\/posts\/412574\/revisions"}],"wp:featuredmedia":[{"embeddable":true,"href":"http:\/\/desarrollo.grupomedios.com\/futbol\/wp-json\/wp\/v2\/media\/412575"}],"wp:attachment":[{"href":"http:\/\/desarrollo.grupomedios.com\/futbol\/wp-json\/wp\/v2\/media?parent=412574"}],"wp:term":[{"taxonomy":"category","embeddable":true,"href":"http:\/\/desarrollo.grupomedios.com\/futbol\/wp-json\/wp\/v2\/categories?post=412574"},{"taxonomy":"post_tag","embeddable":true,"href":"http:\/\/desarrollo.grupomedios.com\/futbol\/wp-json\/wp\/v2\/tags?post=412574"}],"curies":[{"name":"wp","href":"https:\/\/api.w.org\/{rel}","templated":true}]}}