{"id":412617,"date":"2016-07-22T22:56:06","date_gmt":"2016-07-23T03:56:06","guid":{"rendered":"http:\/\/www.futboltotal.com.mx\/?p=412617"},"modified":"2016-07-22T22:59:10","modified_gmt":"2016-07-23T03:59:10","slug":"resultados-liga-mx-veracruz-2-0-santos","status":"publish","type":"post","link":"http:\/\/desarrollo.grupomedios.com\/futbol\/destacado-home\/resultados-liga-mx-veracruz-2-0-santos\/2016\/07","title":{"rendered":"Veracruz da santa c\u00e1tedra"},"content":{"rendered":"<p>\u00bfSer\u00e1 que en el Luis <em>Pirata<\/em> Fuente, <a href=\"http:\/\/futboltotal.com.mx\/equipos\/veracruz\/\" target=\"_blank\"><strong>Veracruz<\/strong><\/a> sea invencible? De momento, es una idea que puede ilusionar a la afici\u00f3n, pues el equipo le dio una verdadera c\u00e1tedra a <a href=\"http:\/\/futboltotal.com.mx\/equipos\/santos\/\" target=\"_blank\"><strong>Santos Laguna<\/strong><\/a> al que venci\u00f3 con facilidad 2-0, en el inicio de la <strong>jornada 2<\/strong> del <strong>Apertura 2016<\/strong>.<\/p>\n<p>Al menos frente a su p\u00fablico, los <em>Tiburones Rojos<\/em> demostraron que pueden llegar a ser una verdadera pesadilla, ya que dejaron sin posibilidades de pelear algo a los <em>Guerreros<\/em> que se vieron abajo en el marcador cuando Gabriel Pe\u00f1alba mand\u00f3 la pelota al fondo de la red (18\u2019).<\/p>\n<p>Para el complemento del cotejo, los jarochos mantuvieron el dominio, pero fue hasta la recta final que Juan P\u00e9rez consigui\u00f3 capitalizar su esfuerzo en el partido, al provocar un penal que convirti\u00f3 el mismo Pe\u00f1alba (88\u2019). De esta forma, los pupilos de Pablo Marini consiguieron sus primeros tres puntos.<\/p>\n<div id=\"gallerymn4\" style=\"display:none;\"><img alt=\"\" src=\"http:\/\/desarrollo.grupomedios.com\/futbol\/wp-content\/uploads\/2016\/07\/veracruz-vs-santos-resultado-liga-mx-1.jpg\" data-image=\"http:\/\/desarrollo.grupomedios.com\/futbol\/wp-content\/uploads\/2016\/07\/veracruz-vs-santos-resultado-liga-mx-1.jpg\" data-description=\"veracruz-vs-santos-resultado-liga-mx-1\"><img alt=\"\" src=\"http:\/\/desarrollo.grupomedios.com\/futbol\/wp-content\/uploads\/2016\/07\/veracruz-vs-santos-resultado-liga-mx-2.jpg\" data-image=\"http:\/\/desarrollo.grupomedios.com\/futbol\/wp-content\/uploads\/2016\/07\/veracruz-vs-santos-resultado-liga-mx-2.jpg\" data-description=\"veracruz-vs-santos-resultado-liga-mx-2\"><img alt=\"\" src=\"http:\/\/desarrollo.grupomedios.com\/futbol\/wp-content\/uploads\/2016\/07\/veracruz-vs-santos-resultado-liga-mx-4.jpg\" data-image=\"http:\/\/desarrollo.grupomedios.com\/futbol\/wp-content\/uploads\/2016\/07\/veracruz-vs-santos-resultado-liga-mx-4.jpg\" data-description=\"veracruz-vs-santos-resultado-liga-mx-4\"><img alt=\"\" src=\"http:\/\/desarrollo.grupomedios.com\/futbol\/wp-content\/uploads\/2016\/07\/veracruz-vs-santos-resultado-liga-mx-3.jpg\" data-image=\"http:\/\/desarrollo.grupomedios.com\/futbol\/wp-content\/uploads\/2016\/07\/veracruz-vs-santos-resultado-liga-mx-3.jpg\" data-description=\"veracruz-vs-santos-resultado-liga-mx-3\"><img alt=\"\" src=\"http:\/\/desarrollo.grupomedios.com\/futbol\/wp-content\/uploads\/2016\/07\/veracruz-vs-santos-resultado-liga-mx-destacada.jpg\" data-image=\"http:\/\/desarrollo.grupomedios.com\/futbol\/wp-content\/uploads\/2016\/07\/veracruz-vs-santos-resultado-liga-mx-destacada.jpg\" data-description=\"veracruz-vs-santos-resultado-liga-mx-destacada\"><\/div>\n        <script>\n        \/\/galeria 1\n        jQuery(document).ready(function(){ \n            var api;\n            api = jQuery(\"#gallerymn4\").unitegallery({\n                carousel_autoplay: false\n            }); \n        });\n        <\/script>\n        \n<p>Alineaci\u00f3n <strong>Veracruz<\/strong>: Pedro Gallese, Leobardo L\u00f3pez, Hugo Cid (\u00c9dgar Andrade 85&#8242;), Mat\u00edas Cahais, Jes\u00fas Paganoni, Alan Zamora (Lucas Rodr\u00edguez 68\u2019), Luis S\u00e1nchez, Gabriel Pe\u00f1alba, Daniel Villalva, Juan P\u00e9rez (Adri\u00e1n Luna 90&#8242;), Julio Furch. DT: Pablo Marini.<\/p>\n<p>Alineaci\u00f3n <strong>Santos<\/strong>: Agust\u00edn Marches\u00edn, Jos\u00e9 Abella (Kristian \u00c1lvarez 35\u2019), N\u00e9stor Araujo, Jorge Flores, Carlos Izquierdoz, Jes\u00fas Molina, Diego de Buen (Mart\u00edn Bravo 71\u2019), Gael Sandoval (Ulises D\u00e1vila 71\u2019), Bryan Rabello, Emiliano Armenteros, Jonathan Rodr\u00edguez. DT: Luis Zubeld\u00eda.<\/p>\n<p>\u00c1rbitro: Cesar Arturo Ramos.<\/p>\n<p><iframe loading=\"lazy\" src=\"https:\/\/www.youtube.com\/embed\/4CR7i9-VbY0\" frameborder=\"0\" allowfullscreen=\"allowfullscreen\"><\/iframe><\/p>\n<p style=\"text-align: center;\"><span style=\"color: #3366ff;\"><a style=\"color: #3366ff;\" href=\"http:\/\/www.futboltotal.com.mx\/2016\/07\/en-vivo-veracruz-vs-santos-liga-mx\/\" target=\"_blank\"><strong>As\u00ed se vivi\u00f3 el Veracruz vs. Santos<\/strong><\/a><\/span><\/p>\n","protected":false},"excerpt":{"rendered":"<p>Los Tiburones Rojos vencieron 2-0 a Santos Laguna<\/p>\n","protected":false},"author":20,"featured_media":412622,"comment_status":"closed","ping_status":"closed","sticky":false,"template":"","format":"standard","meta":[],"categories":[5,2198,3845],"tags":[174,6049],"_links":{"self":[{"href":"http:\/\/desarrollo.grupomedios.com\/futbol\/wp-json\/wp\/v2\/posts\/412617"}],"collection":[{"href":"http:\/\/desarrollo.grupomedios.com\/futbol\/wp-json\/wp\/v2\/posts"}],"about":[{"href":"http:\/\/desarrollo.grupomedios.com\/futbol\/wp-json\/wp\/v2\/types\/post"}],"author":[{"embeddable":true,"href":"http:\/\/desarrollo.grupomedios.com\/futbol\/wp-json\/wp\/v2\/users\/20"}],"replies":[{"embeddable":true,"href":"http:\/\/desarrollo.grupomedios.com\/futbol\/wp-json\/wp\/v2\/comments?post=412617"}],"version-history":[{"count":0,"href":"http:\/\/desarrollo.grupomedios.com\/futbol\/wp-json\/wp\/v2\/posts\/412617\/revisions"}],"wp:featuredmedia":[{"embeddable":true,"href":"http:\/\/desarrollo.grupomedios.com\/futbol\/wp-json\/wp\/v2\/media\/412622"}],"wp:attachment":[{"href":"http:\/\/desarrollo.grupomedios.com\/futbol\/wp-json\/wp\/v2\/media?parent=412617"}],"wp:term":[{"taxonomy":"category","embeddable":true,"href":"http:\/\/desarrollo.grupomedios.com\/futbol\/wp-json\/wp\/v2\/categories?post=412617"},{"taxonomy":"post_tag","embeddable":true,"href":"http:\/\/desarrollo.grupomedios.com\/futbol\/wp-json\/wp\/v2\/tags?post=412617"}],"curies":[{"name":"wp","href":"https:\/\/api.w.org\/{rel}","templated":true}]}}