{"id":412668,"date":"2016-07-23T11:06:52","date_gmt":"2016-07-23T16:06:52","guid":{"rendered":"http:\/\/www.futboltotal.com.mx\/?p=412668"},"modified":"2016-07-23T11:11:55","modified_gmt":"2016-07-23T16:11:55","slug":"tecatito-vuelve-anotar-porto","status":"publish","type":"post","link":"http:\/\/desarrollo.grupomedios.com\/futbol\/destacado-home\/tecatito-vuelve-anotar-porto\/2016\/07","title":{"rendered":"Tecatito comanda remontada del Porto"},"content":{"rendered":"<p>Los mexicanos que militan en el <strong>Porto<\/strong> dan tintes de estar en \u00f3ptimas condiciones para comenzar como protagonistas la campa\u00f1a 2016-17, pues en el partido de pretemporada contra <strong>Vitesse<\/strong> de Holanda, cuatro\u00a0connacionales tuvieron actividad, siendo <strong>Jes\u00fas <em>Tecatito<\/em> Corona<\/strong> el que m\u00e1s brill\u00f3 con su anotaci\u00f3n que ayud\u00f3 en el triunfo 1-2.<\/p>\n<p>En su regreso, Diego Reyes fue titular junto con Miguel Lay\u00fan mientras que H\u00e9ctor Herrera y <strong><em>Tecatito<\/em><\/strong> ingresaron de cambio al minuto 70, momentos despu\u00e9s el atacante nacional aprovech\u00f3 el descuido de la defensa rival para impactar y mandar la pelota al fondo de la red para igualar el cotejo a un tanto.<\/p>\n<p><iframe loading=\"lazy\" src=\"https:\/\/www.youtube.com\/embed\/i8IM4zLrC24\" frameborder=\"0\" allowfullscreen=\"allowfullscreen\"><\/iframe><\/p>\n<p>Ya en la recta final del encuentro, Andr\u00e9 Silva capitaliz\u00f3 la pena m\u00e1xima que sirvi\u00f3 para que <strong>Porto<\/strong> saliera airoso del partido amistoso.<\/p>\n<p>Ser\u00e1 el pr\u00f3ximo 12 de agosto que los <em>Dragones<\/em> debuten en la Liga de Portugal, donde tendr\u00e1n como primer obst\u00e1culo al R\u00edo Ave.<\/p>\n","protected":false},"excerpt":{"rendered":"<p>Los cuatro mexicanos tuvieron actividad con los Dragones <\/p>\n","protected":false},"author":20,"featured_media":412669,"comment_status":"closed","ping_status":"closed","sticky":false,"template":"","format":"standard","meta":[],"categories":[5,3839,6718],"tags":[1208,3985],"_links":{"self":[{"href":"http:\/\/desarrollo.grupomedios.com\/futbol\/wp-json\/wp\/v2\/posts\/412668"}],"collection":[{"href":"http:\/\/desarrollo.grupomedios.com\/futbol\/wp-json\/wp\/v2\/posts"}],"about":[{"href":"http:\/\/desarrollo.grupomedios.com\/futbol\/wp-json\/wp\/v2\/types\/post"}],"author":[{"embeddable":true,"href":"http:\/\/desarrollo.grupomedios.com\/futbol\/wp-json\/wp\/v2\/users\/20"}],"replies":[{"embeddable":true,"href":"http:\/\/desarrollo.grupomedios.com\/futbol\/wp-json\/wp\/v2\/comments?post=412668"}],"version-history":[{"count":0,"href":"http:\/\/desarrollo.grupomedios.com\/futbol\/wp-json\/wp\/v2\/posts\/412668\/revisions"}],"wp:featuredmedia":[{"embeddable":true,"href":"http:\/\/desarrollo.grupomedios.com\/futbol\/wp-json\/wp\/v2\/media\/412669"}],"wp:attachment":[{"href":"http:\/\/desarrollo.grupomedios.com\/futbol\/wp-json\/wp\/v2\/media?parent=412668"}],"wp:term":[{"taxonomy":"category","embeddable":true,"href":"http:\/\/desarrollo.grupomedios.com\/futbol\/wp-json\/wp\/v2\/categories?post=412668"},{"taxonomy":"post_tag","embeddable":true,"href":"http:\/\/desarrollo.grupomedios.com\/futbol\/wp-json\/wp\/v2\/tags?post=412668"}],"curies":[{"name":"wp","href":"https:\/\/api.w.org\/{rel}","templated":true}]}}