{"id":412675,"date":"2016-07-23T11:41:46","date_gmt":"2016-07-23T16:41:46","guid":{"rendered":"http:\/\/www.futboltotal.com.mx\/?p=412675"},"modified":"2016-07-23T11:41:46","modified_gmt":"2016-07-23T16:41:46","slug":"la-promesa-neymar-gana-oro-en-jo","status":"publish","type":"post","link":"http:\/\/desarrollo.grupomedios.com\/futbol\/futbol-internacional\/la-promesa-neymar-gana-oro-en-jo\/2016\/07","title":{"rendered":"La promesa de Neymar si gana el oro en JO"},"content":{"rendered":"<p><strong>Neymar<\/strong>\u00a0prometi\u00f3 hacerse un nuevo <strong>tatuaje<\/strong> si consigue el oro con la selecci\u00f3n brasile\u00f1a durante los <strong>Juegos Ol\u00edmpicos<\/strong> de R\u00edo de Janeiro, que comienzan el pr\u00f3ximo 5 de agosto.<\/p>\n<p>El desaf\u00edo fue propuesto por su compa\u00f1ero en el Barcelona y en la selecci\u00f3n, Rafinha, seg\u00fan cont\u00f3 <strong>Neymar<\/strong> en una entrevista publicada hoy por la revista de la Confederaci\u00f3n Brasile\u00f1a de Futbol (CBF).<\/p>\n<p>&#8220;Tengo muchos tatuajes, m\u00e1s de 30, 35 m\u00e1s o menos. Puede que me tat\u00fae. Ya lo hab\u00eda acordado con Rafinha. \u00c9l tuvo la idea y dijo: \u00bfQu\u00e9 hacemos si somos campeones?&#8221;, coment\u00f3.<\/p>\n<blockquote class=\"twitter-tweet\" data-lang=\"es\">\n<p dir=\"ltr\" lang=\"und\"><a href=\"https:\/\/twitter.com\/hashtag\/ThiagoMaia?src=hash\">#ThiagoMaia<\/a> \u270c <a href=\"https:\/\/t.co\/h5nkCQmxh2\">pic.twitter.com\/h5nkCQmxh2<\/a><\/p>\n<p>\u2014 Neymar Jr (@neymarjr) <a href=\"https:\/\/twitter.com\/neymarjr\/status\/756659443039866881\">23 de julio de 2016<\/a><\/p><\/blockquote>\n<p><script src=\"\/\/platform.twitter.com\/widgets.js\" async=\"\" charset=\"utf-8\"><\/script><\/p>\n<p><strong>Neymar<\/strong> aclar\u00f3 que primero tienen que ganar el oro en casa y despu\u00e9s decidir\u00e1n qu\u00e9 tatuaje se hacen: &#8220;No hemos pensado nada todav\u00eda, primero tenemos que ganar y despu\u00e9s veremos. Despu\u00e9s de ganar tenemos muchas cosas que hacer&#8221;, precis\u00f3.<\/p>\n<p>El delantero, que se colg\u00f3 la plata durante los<strong> Juegos Ol\u00edmpicos<\/strong> de Londres, se mostr\u00f3 confiado en poder llegar a la final de f\u00fatbol, que se celebrar\u00e1 en el estadio Maracan\u00e1, palco en el que conquist\u00f3 la Copa Confederaciones de 2013.<\/p>\n<p>&#8220;Espero poder volver a Maracan\u00e1 y marcar el gol de la victoria, ayudar con un pase, qui\u00e9n sabe&#8230; Sea lo que sea, que seamos campeones&#8221;, apunt\u00f3.<\/p>\n<p><strong>Neymar<\/strong> resalt\u00f3 que jugar los Ol\u00edmpicos en Brasil &#8220;ser\u00e1 una oportunidad para hacer historia&#8221; y conseguir una medalla in\u00e9dita para el pa\u00eds.<\/p>\n","protected":false},"excerpt":{"rendered":"<p>El jugador quiere llevar el recuerdo de por vida<\/p>\n","protected":false},"author":144,"featured_media":412676,"comment_status":"closed","ping_status":"closed","sticky":false,"template":"","format":"standard","meta":[],"categories":[3839,7186,7182,7188],"tags":[1911,6001,5664],"_links":{"self":[{"href":"http:\/\/desarrollo.grupomedios.com\/futbol\/wp-json\/wp\/v2\/posts\/412675"}],"collection":[{"href":"http:\/\/desarrollo.grupomedios.com\/futbol\/wp-json\/wp\/v2\/posts"}],"about":[{"href":"http:\/\/desarrollo.grupomedios.com\/futbol\/wp-json\/wp\/v2\/types\/post"}],"author":[{"embeddable":true,"href":"http:\/\/desarrollo.grupomedios.com\/futbol\/wp-json\/wp\/v2\/users\/144"}],"replies":[{"embeddable":true,"href":"http:\/\/desarrollo.grupomedios.com\/futbol\/wp-json\/wp\/v2\/comments?post=412675"}],"version-history":[{"count":0,"href":"http:\/\/desarrollo.grupomedios.com\/futbol\/wp-json\/wp\/v2\/posts\/412675\/revisions"}],"wp:featuredmedia":[{"embeddable":true,"href":"http:\/\/desarrollo.grupomedios.com\/futbol\/wp-json\/wp\/v2\/media\/412676"}],"wp:attachment":[{"href":"http:\/\/desarrollo.grupomedios.com\/futbol\/wp-json\/wp\/v2\/media?parent=412675"}],"wp:term":[{"taxonomy":"category","embeddable":true,"href":"http:\/\/desarrollo.grupomedios.com\/futbol\/wp-json\/wp\/v2\/categories?post=412675"},{"taxonomy":"post_tag","embeddable":true,"href":"http:\/\/desarrollo.grupomedios.com\/futbol\/wp-json\/wp\/v2\/tags?post=412675"}],"curies":[{"name":"wp","href":"https:\/\/api.w.org\/{rel}","templated":true}]}}