{"id":412815,"date":"2016-07-23T19:42:27","date_gmt":"2016-07-24T00:42:27","guid":{"rendered":"http:\/\/www.futboltotal.com.mx\/?p=412815"},"modified":"2016-07-24T14:41:43","modified_gmt":"2016-07-24T19:41:43","slug":"suspenden-partido-leon-necaxa-lluvia","status":"publish","type":"post","link":"http:\/\/desarrollo.grupomedios.com\/futbol\/futbol-mexicano\/suspenden-partido-leon-necaxa-lluvia\/2016\/07","title":{"rendered":"Suspenden partido entre Le\u00f3n y Necaxa por lluvia"},"content":{"rendered":"<p>El partido de la jornada 2 del Apertura 2016 entre <strong>Le\u00f3n y Necaxa<\/strong>, fue suspendido a los 21 minutos del primer tiempo despu\u00e9s de una intensa <strong>lluvia<\/strong> en la cancha del Nou Camp.<\/p>\n<blockquote class=\"twitter-tweet\" data-lang=\"es\">\n<p dir=\"ltr\" lang=\"es\">Por este motivo est\u00e1 suspendido el partido <a href=\"https:\/\/twitter.com\/clubleonfc\">@clubleonfc<\/a> y <a href=\"https:\/\/twitter.com\/ClubNecaxa\">@ClubNecaxa<\/a> en el Estadio Le\u00f3n <a href=\"https:\/\/t.co\/k6QSYPSLF0\">pic.twitter.com\/k6QSYPSLF0<\/a><\/p>\n<p>\u2014 Paco Vela (@pacovela) <a href=\"https:\/\/twitter.com\/pacovela\/status\/757010289577512960\">24 de julio de 2016<\/a><\/p><\/blockquote>\n<p><script src=\"\/\/platform.twitter.com\/widgets.js\" async=\"\" charset=\"utf-8\"><\/script><\/p>\n<p>Apenas el \u00e1rbitro del encuentro Eduardo Galvan Basulto dio el silbatazo del inicio del partido, la <strong>lluvia<\/strong> comenz\u00f3 a caer en la cancha del club\u00a0<em>Esmeralda.\u00a0<\/em>A pesar de ello, ambos equipos intentaron seguir jugando hasta que las lluvia se lo permiti\u00f3, pues cada minuto se intensificaban los charcos de agua sobre el campo.<\/p>\n<p><span style=\"color: #3366ff;\">LEER M\u00c1S:\u00a0<a style=\"color: #3366ff;\" href=\"http:\/\/www.futboltotal.com.mx\/2016\/07\/en-vivo-leon-vs-necaxa-liga-mx\/\">EN VIVO | Le\u00f3n 0-0 Necaxa | Liga MX<\/a><\/span><\/p>\n<p>El colegiado decidi\u00f3 suspender el partido al minuto 21 y se esperar\u00e1 a ver las condiciones del campo para ver si se suspende definitivamente o se pospone para otro d\u00eda.<\/p>\n<blockquote class=\"twitter-tweet\" data-lang=\"es\"><p>\nLa cancha del Nou Camp de Le\u00f3n notablemente afectada por la lluvia. El partido se detuvo al minuto 21. <a href=\"https:\/\/t.co\/XSRldr404P\">pic.twitter.com\/XSRldr404P<\/a><\/p>\n<p>\u2014 Carlos Emiliano (@CarlosElCrack24) <a href=\"https:\/\/twitter.com\/CarlosElCrack24\/status\/757012064598528001\">24 de julio de 2016<\/a>\n<\/p><\/blockquote>\n<p><script src=\"\/\/platform.twitter.com\/widgets.js\" async=\"\" charset=\"utf-8\"><\/script><\/p>\n","protected":false},"excerpt":{"rendered":"<p>Solo se jugaron 21 minutos del primer tiempo<\/p>\n","protected":false},"author":20,"featured_media":412826,"comment_status":"closed","ping_status":"closed","sticky":false,"template":"","format":"standard","meta":[],"categories":[2198,3845],"tags":[5965,64,261],"_links":{"self":[{"href":"http:\/\/desarrollo.grupomedios.com\/futbol\/wp-json\/wp\/v2\/posts\/412815"}],"collection":[{"href":"http:\/\/desarrollo.grupomedios.com\/futbol\/wp-json\/wp\/v2\/posts"}],"about":[{"href":"http:\/\/desarrollo.grupomedios.com\/futbol\/wp-json\/wp\/v2\/types\/post"}],"author":[{"embeddable":true,"href":"http:\/\/desarrollo.grupomedios.com\/futbol\/wp-json\/wp\/v2\/users\/20"}],"replies":[{"embeddable":true,"href":"http:\/\/desarrollo.grupomedios.com\/futbol\/wp-json\/wp\/v2\/comments?post=412815"}],"version-history":[{"count":0,"href":"http:\/\/desarrollo.grupomedios.com\/futbol\/wp-json\/wp\/v2\/posts\/412815\/revisions"}],"wp:featuredmedia":[{"embeddable":true,"href":"http:\/\/desarrollo.grupomedios.com\/futbol\/wp-json\/wp\/v2\/media\/412826"}],"wp:attachment":[{"href":"http:\/\/desarrollo.grupomedios.com\/futbol\/wp-json\/wp\/v2\/media?parent=412815"}],"wp:term":[{"taxonomy":"category","embeddable":true,"href":"http:\/\/desarrollo.grupomedios.com\/futbol\/wp-json\/wp\/v2\/categories?post=412815"},{"taxonomy":"post_tag","embeddable":true,"href":"http:\/\/desarrollo.grupomedios.com\/futbol\/wp-json\/wp\/v2\/tags?post=412815"}],"curies":[{"name":"wp","href":"https:\/\/api.w.org\/{rel}","templated":true}]}}