{"id":412891,"date":"2016-07-23T22:02:25","date_gmt":"2016-07-24T03:02:25","guid":{"rendered":"http:\/\/www.futboltotal.com.mx\/?p=412891"},"modified":"2016-07-23T22:04:14","modified_gmt":"2016-07-24T03:04:14","slug":"resultado-liga-mx-morelia-2-2-gallos","status":"publish","type":"post","link":"http:\/\/desarrollo.grupomedios.com\/futbol\/futbol-mexicano\/resultado-liga-mx-morelia-2-2-gallos\/2016\/07","title":{"rendered":"Gallos rescata dram\u00e1tico empate ante Morelia"},"content":{"rendered":"<p>Con un gol de \u00faltimo minuto, <strong>Quer\u00e9taro<\/strong> mantuvo el invicto al venir de atr\u00e1s y empatar 2-2 con <strong>Morelia<\/strong>, que sent\u00eda ya los tres puntos en la bolsa en el marco de la fecha dos del <strong>Apertura 2016<\/strong> de la <strong>Liga MX<\/strong>.<\/p>\n<p><em>Monarcas<\/em> se fue adelante por conducto del peruano Ra\u00fal Ru\u00eddiaz al minuto 45 y del chileno Diego Vald\u00e9s (58), pero los visitantes reaccionaron gracias al tanto del argentino Juan Forl\u00edn (68) y, finalmente, en el \u00faltimo minuto de los cuatro agregados, el paraguayo Neri Cardozo dio el empate.<\/p>\n<p style=\"text-align: center;\"><a href=\"http:\/\/www.futboltotal.com.mx\/futbol-mexicano\/\"><span style=\"color: #3366ff;\"><strong>LEER M\u00c1S: Todas las noticias del futbol mexicano<\/strong><\/span><\/a><\/p>\n<p><iframe loading=\"lazy\" src=\"https:\/\/www.youtube.com\/embed\/lywt3OYCHuI\" frameborder=\"0\" allowfullscreen=\"allowfullscreen\"><\/iframe><br \/>\nCon este resultado, <strong>Quer\u00e9taro<\/strong> se mantiene peleando los primeros lugares de la tabla al llegar a cuatro unidades, ya que es subl\u00edder a falta del resto de encuentros de la jornada, adem\u00e1s que mantiene el invicto. Mientras a <strong>Morelia<\/strong> el empate le sabe a derrota, porque apenas tiene un punto tras dos encuentros del presente torneo.<\/p>\n<p>El exceso de confianza se paga caro y hoy los michoacanos tuvieron que aprender la lecci\u00f3n por experiencia propia y justo cuando ya se ve\u00edan vencedores, un tiro libre en los \u00faltimos instantes del partido les cambio el panorama.<\/p>\n<p>Para el equipo queretano, el juego acab\u00f3 con una baja sensible, pues Andr\u00e9s Renter\u00eda, convocado por Colombia para R\u00edo 2016, tuvo que salir por unas molestias cuando acababa de entrar de cambio al 57&#8242;.<\/p>\n<p><strong>Alineaciones:<\/strong><\/p>\n<p>Morelia.- Enrique P\u00e9rez, Hugo Rodr\u00edguez, Facundo Erpen, Carlos Adri\u00e1n Morales, David Cabrera, Juan Pablo Rodr\u00edguez, Cristian Penilla, Diego Vald\u00e9s (Rodrigo Millar, 58), Alejandro Gagliardi (Jefferson Cuero, 54), Ra\u00fal Ruid\u00edaz (Luis Gabriel Rey, 75). DT Enrique Meza.<\/p>\n<p>Quer\u00e9taro.- Tiago Volpi, Miguel Mart\u00ednez, Juan Forl\u00edn, Jonathan Bornstein, Jaime G\u00f3mez, Luis Miguel Noriega, \u00c1ngel Sep\u00falveda, Yerson Candelo (Camilo Sanvezzo, 56), Neri Cardozo, Patricio Rubio (Andr\u00e9s Renteria 57\/Carlos Fierro, 72), \u00c1ngel Sep\u00falveda, Emanuel Villa. DT V\u00edctor Manuel Vucetich.<\/p>\n","protected":false},"excerpt":{"rendered":"<p>Los emplumados vienen de atr\u00e1s y rescata un punto de \u00faltimo minuto <\/p>\n","protected":false},"author":20,"featured_media":412863,"comment_status":"closed","ping_status":"closed","sticky":false,"template":"","format":"standard","meta":[],"categories":[2198,3845,5950],"tags":[64,5967,5970],"_links":{"self":[{"href":"http:\/\/desarrollo.grupomedios.com\/futbol\/wp-json\/wp\/v2\/posts\/412891"}],"collection":[{"href":"http:\/\/desarrollo.grupomedios.com\/futbol\/wp-json\/wp\/v2\/posts"}],"about":[{"href":"http:\/\/desarrollo.grupomedios.com\/futbol\/wp-json\/wp\/v2\/types\/post"}],"author":[{"embeddable":true,"href":"http:\/\/desarrollo.grupomedios.com\/futbol\/wp-json\/wp\/v2\/users\/20"}],"replies":[{"embeddable":true,"href":"http:\/\/desarrollo.grupomedios.com\/futbol\/wp-json\/wp\/v2\/comments?post=412891"}],"version-history":[{"count":0,"href":"http:\/\/desarrollo.grupomedios.com\/futbol\/wp-json\/wp\/v2\/posts\/412891\/revisions"}],"wp:featuredmedia":[{"embeddable":true,"href":"http:\/\/desarrollo.grupomedios.com\/futbol\/wp-json\/wp\/v2\/media\/412863"}],"wp:attachment":[{"href":"http:\/\/desarrollo.grupomedios.com\/futbol\/wp-json\/wp\/v2\/media?parent=412891"}],"wp:term":[{"taxonomy":"category","embeddable":true,"href":"http:\/\/desarrollo.grupomedios.com\/futbol\/wp-json\/wp\/v2\/categories?post=412891"},{"taxonomy":"post_tag","embeddable":true,"href":"http:\/\/desarrollo.grupomedios.com\/futbol\/wp-json\/wp\/v2\/tags?post=412891"}],"curies":[{"name":"wp","href":"https:\/\/api.w.org\/{rel}","templated":true}]}}