{"id":413073,"date":"2016-07-24T20:22:09","date_gmt":"2016-07-25T01:22:09","guid":{"rendered":"http:\/\/www.futboltotal.com.mx\/?p=413073"},"modified":"2016-07-24T20:22:09","modified_gmt":"2016-07-25T01:22:09","slug":"los-memes-la-jornada-2-del-apertura-2016","status":"publish","type":"post","link":"http:\/\/desarrollo.grupomedios.com\/futbol\/galerias\/los-memes-la-jornada-2-del-apertura-2016\/2016\/07","title":{"rendered":"Los Memes de la jornada 2 del Apertura 2016"},"content":{"rendered":"<p>Se llev\u00f3 a cabo la segunda jornada del <strong>Apertura 2016<\/strong>, donde los equipos que m\u00e1s destacaron fueron Am\u00e9rica y su triunfo sobre Toluca; Chivas, por su nuevo servicio en Liga MX, y el juego en Le\u00f3n, Guanajuato, por la lluvia que pospuso el encuentro temporalmente; por eso los <strong>Memes<\/strong>, se dedicaron a molestar, principalmente a <em>\u00c1guilas<\/em>, Guadalajara, <em>La Fiera<\/em> y Necaxa.<\/p>\n<p style=\"text-align: center;\"><span style=\"color: #3366ff;\"><a style=\"color: #3366ff;\" href=\"http:\/\/futboltotal.com.mx\/resultados\/resultados-liga-mx\/\" target=\"_blank\"><strong>LEER M\u00c1S: Los resultados de la jornada 2 del Apertura 2016<\/strong><\/a><\/span><\/p>\n<div id=\"galleryPY7\" style=\"display:none;\"><img alt=\"\" src=\"http:\/\/desarrollo.grupomedios.com\/futbol\/wp-content\/uploads\/2016\/07\/memes-jornada-2-4.jpg\" data-image=\"http:\/\/desarrollo.grupomedios.com\/futbol\/wp-content\/uploads\/2016\/07\/memes-jornada-2-4.jpg\" data-description=\"memes jornada 2 4\"><img alt=\"\" src=\"http:\/\/desarrollo.grupomedios.com\/futbol\/wp-content\/uploads\/2016\/07\/memes-jornada-2-5.jpg\" data-image=\"http:\/\/desarrollo.grupomedios.com\/futbol\/wp-content\/uploads\/2016\/07\/memes-jornada-2-5.jpg\" data-description=\"memes jornada 2 5\"><img alt=\"\" src=\"http:\/\/desarrollo.grupomedios.com\/futbol\/wp-content\/uploads\/2016\/07\/memes-jornada-2-7.jpg\" data-image=\"http:\/\/desarrollo.grupomedios.com\/futbol\/wp-content\/uploads\/2016\/07\/memes-jornada-2-7.jpg\" data-description=\"memes jornada 2 7\"><img alt=\"\" src=\"http:\/\/desarrollo.grupomedios.com\/futbol\/wp-content\/uploads\/2016\/07\/memes-jornada-2-8.jpg\" data-image=\"http:\/\/desarrollo.grupomedios.com\/futbol\/wp-content\/uploads\/2016\/07\/memes-jornada-2-8.jpg\" data-description=\"memes jornada 2 8\"><img alt=\"\" src=\"http:\/\/desarrollo.grupomedios.com\/futbol\/wp-content\/uploads\/2016\/07\/memes-jornada-2-1_opt.jpg\" data-image=\"http:\/\/desarrollo.grupomedios.com\/futbol\/wp-content\/uploads\/2016\/07\/memes-jornada-2-1_opt.jpg\" data-description=\"memes jornada 2 1_opt\"><img alt=\"\" src=\"http:\/\/desarrollo.grupomedios.com\/futbol\/wp-content\/uploads\/2016\/07\/memes-jornada-2-3_opt.jpg\" data-image=\"http:\/\/desarrollo.grupomedios.com\/futbol\/wp-content\/uploads\/2016\/07\/memes-jornada-2-3_opt.jpg\" data-description=\"memes jornada 2 3_opt\"><img alt=\"\" src=\"http:\/\/desarrollo.grupomedios.com\/futbol\/wp-content\/uploads\/2016\/07\/memes-jornada-2-10_opt.jpg\" data-image=\"http:\/\/desarrollo.grupomedios.com\/futbol\/wp-content\/uploads\/2016\/07\/memes-jornada-2-10_opt.jpg\" data-description=\"memes jornada 2 10_opt\"><img alt=\"\" src=\"http:\/\/desarrollo.grupomedios.com\/futbol\/wp-content\/uploads\/2016\/07\/memes-jornada-2-6_opt.jpg\" data-image=\"http:\/\/desarrollo.grupomedios.com\/futbol\/wp-content\/uploads\/2016\/07\/memes-jornada-2-6_opt.jpg\" data-description=\"memes jornada 2 6_opt\"><img alt=\"\" src=\"http:\/\/desarrollo.grupomedios.com\/futbol\/wp-content\/uploads\/2016\/07\/memes-jornada-2-9_opt.jpg\" data-image=\"http:\/\/desarrollo.grupomedios.com\/futbol\/wp-content\/uploads\/2016\/07\/memes-jornada-2-9_opt.jpg\" data-description=\"memes jornada 2 9_opt\"><img alt=\"\" src=\"http:\/\/desarrollo.grupomedios.com\/futbol\/wp-content\/uploads\/2016\/07\/memes-jornada-2_opt.jpg\" data-image=\"http:\/\/desarrollo.grupomedios.com\/futbol\/wp-content\/uploads\/2016\/07\/memes-jornada-2_opt.jpg\" data-description=\"memes jornada 2_opt\"><\/div>\n        <script>\n        \/\/galeria 1\n        jQuery(document).ready(function(){ \n            var api;\n            api = jQuery(\"#galleryPY7\").unitegallery({\n                carousel_autoplay: false\n            }); \n        });\n        <\/script>\n        \n","protected":false},"excerpt":{"rendered":"<p>Lleg\u00f3 la descripci\u00f3n gr\u00e1fica de la segunda fecha<\/p>\n","protected":false},"author":20,"featured_media":413085,"comment_status":"closed","ping_status":"closed","sticky":false,"template":"","format":"standard","meta":[],"categories":[2198,3,3845,6409],"tags":[6927,4949],"_links":{"self":[{"href":"http:\/\/desarrollo.grupomedios.com\/futbol\/wp-json\/wp\/v2\/posts\/413073"}],"collection":[{"href":"http:\/\/desarrollo.grupomedios.com\/futbol\/wp-json\/wp\/v2\/posts"}],"about":[{"href":"http:\/\/desarrollo.grupomedios.com\/futbol\/wp-json\/wp\/v2\/types\/post"}],"author":[{"embeddable":true,"href":"http:\/\/desarrollo.grupomedios.com\/futbol\/wp-json\/wp\/v2\/users\/20"}],"replies":[{"embeddable":true,"href":"http:\/\/desarrollo.grupomedios.com\/futbol\/wp-json\/wp\/v2\/comments?post=413073"}],"version-history":[{"count":0,"href":"http:\/\/desarrollo.grupomedios.com\/futbol\/wp-json\/wp\/v2\/posts\/413073\/revisions"}],"wp:featuredmedia":[{"embeddable":true,"href":"http:\/\/desarrollo.grupomedios.com\/futbol\/wp-json\/wp\/v2\/media\/413085"}],"wp:attachment":[{"href":"http:\/\/desarrollo.grupomedios.com\/futbol\/wp-json\/wp\/v2\/media?parent=413073"}],"wp:term":[{"taxonomy":"category","embeddable":true,"href":"http:\/\/desarrollo.grupomedios.com\/futbol\/wp-json\/wp\/v2\/categories?post=413073"},{"taxonomy":"post_tag","embeddable":true,"href":"http:\/\/desarrollo.grupomedios.com\/futbol\/wp-json\/wp\/v2\/tags?post=413073"}],"curies":[{"name":"wp","href":"https:\/\/api.w.org\/{rel}","templated":true}]}}