{"id":413099,"date":"2016-07-24T14:16:41","date_gmt":"2016-07-24T19:16:41","guid":{"rendered":"http:\/\/www.futboltotal.com.mx\/?p=413099"},"modified":"2016-07-24T21:22:14","modified_gmt":"2016-07-25T02:22:14","slug":"resultado-liga-mx-leon-0-0-necaxa","status":"publish","type":"post","link":"http:\/\/desarrollo.grupomedios.com\/futbol\/futbol-mexicano\/resultado-liga-mx-leon-0-0-necaxa\/2016\/07","title":{"rendered":"\u00a1Lluvioso empate en Le\u00f3n!"},"content":{"rendered":"<p>Pasado por agua se vivi\u00f3 el partido entre <a href=\"http:\/\/futboltotal.com.mx\/equipos\/leon\/\" target=\"_blank\"><strong>Le\u00f3n<\/strong><\/a> y <a href=\"http:\/\/futboltotal.com.mx\/equipos\/necaxa\/\" target=\"_blank\"><strong>Necaxa<\/strong><\/a> correspondiente a la Jornada 2 del Apertura 2016, ello debido a una fuerte lluvia que comenz\u00f3 poco antes del silbatazo inicial y de a poco tom\u00f3 fuerza hasta obligar la suspensi\u00f3n de poco m\u00e1s de una hora del cotejo.<\/p>\n<p>En los minutos iniciales los <em>Rayos<\/em> fueron mejores en el terreno y estuvieron cerca de anotar en par de ocasiones, siendo la m\u00e1s clara un remate en el l\u00edmite del \u00e1rea chica por parte de Marcos Gonz\u00e1lez, pero su cabezazo se fue por encima del travesa\u00f1o.<\/p>\n<p>Tras la suspensi\u00f3n el equipo local se adapt\u00f3 m\u00e1s r\u00e1pido al terreno de juego y encontr\u00f3 en Dar\u00edo Burbano su mejor v\u00eda de acceso por la banda izquierda. <em>La Fiera<\/em> estuvo a punto de abrir el marcador con un cabezazo de Germ\u00e1n Cano que se fue rozando le poste por la parte de afuera.<\/p>\n<p style=\"text-align: center;\"><span style=\"color: #3366ff;\"><a style=\"color: #3366ff;\" href=\"http:\/\/www.futboltotal.com.mx\/2016\/07\/suspenden-partido-leon-necaxa-lluvia\/\" target=\"_blank\"><strong>LEER M\u00c1S: El Le\u00f3n vs. Necaxa se suspendi\u00f3 por lluvia<\/strong><\/a><\/span><\/p>\n<p>En la segunda mitad los <em>Esmeraldas<\/em> se mantuvieron propositivos y yendo al frente, de nueva cuenta Cano demostr\u00f3 ser el m\u00e1s peligroso en el \u00e1rea rival, cuando control\u00f3 un bal\u00f3n de espaldas, se gener\u00f3 el espacio y sac\u00f3 un disparo de media vuelta que apenas y fue desviado con un magn\u00edfico lance de Marcelo Barovero para que el esf\u00e9rico fuera de lleno al poste y de ah\u00ed hacia afuera.<\/p>\n<p>Los de Aguascalientes respondieron por medio de su refuerzo de lujo, Edson Puch, quien sac\u00f3 un disparo de larga distancia, el cual fue bien desviado por William Yarbrough que se lanz\u00f3 de forma espectacular a su derecha.<\/p>\n<p>Sobre el final del encuentro los dirigidos por Luis Fernando Tena adelantaron l\u00edneas y le dieron amplitud a la cancha con El\u00edas Hern\u00e1ndez, quien intent\u00f3 una gran cantidad de servicios desde l\u00ednea de fondo y frontales, pero sin lograr conectar con sus compa\u00f1eros.<\/p>\n<p>Una vez cumplidos los 90 minutos de partido se decret\u00f3 el empate y de esta forma la Fiera suma su primer punto en el certamen; mientras los Rayos hilan su segundo empate en su regreso a la LIGA MX.<\/p>\n<p><em>*Con informaci\u00f3n de la Liga MX<\/em><\/p>\n","protected":false},"excerpt":{"rendered":"<p>La Fiera y los Rayos, dividieron puntos tras quedarse sin anotar<\/p>\n","protected":false},"author":20,"featured_media":413100,"comment_status":"closed","ping_status":"closed","sticky":false,"template":"","format":"standard","meta":[],"categories":[2198,3845,5950],"tags":[5965,261],"_links":{"self":[{"href":"http:\/\/desarrollo.grupomedios.com\/futbol\/wp-json\/wp\/v2\/posts\/413099"}],"collection":[{"href":"http:\/\/desarrollo.grupomedios.com\/futbol\/wp-json\/wp\/v2\/posts"}],"about":[{"href":"http:\/\/desarrollo.grupomedios.com\/futbol\/wp-json\/wp\/v2\/types\/post"}],"author":[{"embeddable":true,"href":"http:\/\/desarrollo.grupomedios.com\/futbol\/wp-json\/wp\/v2\/users\/20"}],"replies":[{"embeddable":true,"href":"http:\/\/desarrollo.grupomedios.com\/futbol\/wp-json\/wp\/v2\/comments?post=413099"}],"version-history":[{"count":0,"href":"http:\/\/desarrollo.grupomedios.com\/futbol\/wp-json\/wp\/v2\/posts\/413099\/revisions"}],"wp:featuredmedia":[{"embeddable":true,"href":"http:\/\/desarrollo.grupomedios.com\/futbol\/wp-json\/wp\/v2\/media\/413100"}],"wp:attachment":[{"href":"http:\/\/desarrollo.grupomedios.com\/futbol\/wp-json\/wp\/v2\/media?parent=413099"}],"wp:term":[{"taxonomy":"category","embeddable":true,"href":"http:\/\/desarrollo.grupomedios.com\/futbol\/wp-json\/wp\/v2\/categories?post=413099"},{"taxonomy":"post_tag","embeddable":true,"href":"http:\/\/desarrollo.grupomedios.com\/futbol\/wp-json\/wp\/v2\/tags?post=413099"}],"curies":[{"name":"wp","href":"https:\/\/api.w.org\/{rel}","templated":true}]}}