{"id":413102,"date":"2016-07-25T09:03:23","date_gmt":"2016-07-25T14:03:23","guid":{"rendered":"http:\/\/www.futboltotal.com.mx\/?p=413102"},"modified":"2016-07-25T09:03:23","modified_gmt":"2016-07-25T14:03:23","slug":"11-ideal-la-jornada-2-del-apertura-2016","status":"publish","type":"post","link":"http:\/\/desarrollo.grupomedios.com\/futbol\/destacado-home\/11-ideal-la-jornada-2-del-apertura-2016\/2016\/07","title":{"rendered":"11 ideal de la jornada 2 | Apertura 2016"},"content":{"rendered":"<p>La segunda fecha del <strong>Apertura 2016<\/strong> no tuvo muchos goles y registr\u00f3 cuatro igualadas, a\u00fan as\u00ed tuvo emociones que hicieron vibrar a los aficionados de la <strong>Liga MX<\/strong>, en especial, a los que apoyan a equipos que tienen jugadores Ol\u00edmpicos, pues se despidieron, la mayor\u00eda, de buena forma.<\/p>\n<p>No obstante, s\u00f3lo uno de ellos sobresali\u00f3 de forma especial, se trata de<strong> Oribe Peralta<\/strong>, quien lidera este <strong>11 ideal de la jornada 2<\/strong>:<\/p>\n<p style=\"text-align: center;\"><span style=\"color: #3366ff;\"><a style=\"color: #3366ff;\" href=\"http:\/\/www.futboltotal.com.mx\/resultados\/resultados-liga-mx\/\" target=\"_blank\"><strong>LEER M\u00c1S: Resultados de la Jornada 2<\/strong><\/a><\/span><\/p>\n<p style=\"text-align: center;\"><a href=\"http:\/\/www.futboltotal.com.mx\/wp-content\/uploads\/2016\/07\/11idealap16jornada-2_opt.jpg\"><img decoding=\"async\" loading=\"lazy\" class=\"size-full wp-image-413103 aligncenter\" src=\"http:\/\/www.futboltotal.com.mx\/wp-content\/uploads\/2016\/07\/11idealap16jornada-2_opt.jpg\" alt=\"11idealap16jornada-2_opt\" srcset=\"http:\/\/desarrollo.grupomedios.com\/futbol\/wp-content\/uploads\/2016\/07\/11idealap16jornada-2_opt.jpg 500w, http:\/\/desarrollo.grupomedios.com\/futbol\/wp-content\/uploads\/2016\/07\/11idealap16jornada-2_opt-215x300.jpg 215w\" sizes=\"(max-width: 500px) 100vw, 500px\" \/><\/a><\/p>\n<p><strong>Rodolfo Cota | <a href=\"http:\/\/www.futboltotal.com.mx\/equipos\/guadalajara\/\" target=\"_blank\">Chivas<\/a><\/strong> | Fue uno de los mejores cancerberos de la jornada al evitar que <em>Rayados<\/em> le pudiese anotar; y con ello, su equipo sac\u00f3 los tres puntos en casa.<\/p>\n<p><strong>Adri\u00e1n Aldrete | <a href=\"http:\/\/www.futboltotal.com.mx\/equipos\/cruz-azul\/\" target=\"_blank\">Cruz Azul<\/a><\/strong> | Da a notar en el campo porqu\u00e9 es uno de los de mayor confianza de Tom\u00e1s Boy.<\/p>\n<p><strong>Dar\u00edo Ver\u00f3n | Pumas<\/strong> | Pese a dejar el gafete de capit\u00e1n, demuestra por qu\u00e9 es el l\u00edder de la zaga <em>auriazul<\/em>, con su magistral juego defensivo.<\/p>\n<p><strong>Stefan Medina | <a href=\"http:\/\/www.futboltotal.com.mx\/equipos\/pachuca\/\" target=\"_blank\">Pachuca<\/a><\/strong> | Volvi\u00f3 a la central en este certamen debido a la lesi\u00f3n de \u00d3scar Murillo, pero su trabajo sigue igual de eficiente y hasta con aportaci\u00f3n en el marcador.<\/p>\n<p><strong>Ra\u00fal L\u00f3pez | Pachuca<\/strong> | Repite en el 11 ideal de Futbol Total debido a sus constantes llegadas a l\u00ednea de fondo y sus extraordinarios servicios al \u00e1rea.<\/p>\n<p><strong>Rubens Sambueza | <a href=\"http:\/\/www.futboltotal.com.mx\/equipos\/america\/\" target=\"_blank\">Am\u00e9rica<\/a><\/strong> | Como lo suele hacer, Rubens control\u00f3 el medio campo azulcrema y le dio poder al ataque de las <em>\u00c1guilas<\/em>, frente a los Diablos.<\/p>\n<p><strong>Gabriel Pe\u00f1alba | <a href=\"http:\/\/www.futboltotal.com.mx\/equipos\/veracruz\/\" target=\"_blank\">Veracruz<\/a><\/strong> | Con su doblete, el <em>Tibur\u00f3n<\/em> consigui\u00f3 su primera victoria en casa y sus primeros tres puntos en el torneo.<\/p>\n<p><strong>Neri Cardozo | <a href=\"http:\/\/www.futboltotal.com.mx\/equipos\/queretaro\/\" target=\"_blank\">Quer\u00e9taro<\/a><\/strong> | Es uno de los hombres de confianza de V\u00edctor Manuel Vucetich, pues era el volante que esperaba; su gol le dio a Gallos, un empate ag\u00f3nico.<\/p>\n<p><strong>Oribe Peralta | Am\u00e9rica<\/strong> | Qu\u00e9 mejor despedida que anotar tres goles con su club, para darle confianza al <em>TRI<\/em> Ol\u00edmpico de cara a R\u00edo 2016.<\/p>\n<p><strong>N\u00e9stor Calder\u00f3n | Chivas<\/strong> | Un golazo del <em>Avi\u00f3n<\/em>, propici\u00f3 la primera victoria del <em>Reba\u00f1o Sagrado<\/em> para darle confianza al equipo ahora que perder\u00e1 a sus jugadores Ol\u00edmpicos.<\/p>\n<p><strong>Mat\u00edas Alustiza | <a href=\"http:\/\/www.futboltotal.com.mx\/equipos\/puebla\/\" target=\"_blank\">Puebla<\/a><\/strong> | No hizo ni un gol pero provoc\u00f3 los tres tantos con los que la <em>Franja<\/em> obtuvo la victoria en casa.<\/p>\n","protected":false},"excerpt":{"rendered":"<p>Los mejores hombres tras la segunda fecha<\/p>\n","protected":false},"author":20,"featured_media":413104,"comment_status":"closed","ping_status":"closed","sticky":false,"template":"","format":"standard","meta":[],"categories":[5,2198,3845],"tags":[5623,6927],"_links":{"self":[{"href":"http:\/\/desarrollo.grupomedios.com\/futbol\/wp-json\/wp\/v2\/posts\/413102"}],"collection":[{"href":"http:\/\/desarrollo.grupomedios.com\/futbol\/wp-json\/wp\/v2\/posts"}],"about":[{"href":"http:\/\/desarrollo.grupomedios.com\/futbol\/wp-json\/wp\/v2\/types\/post"}],"author":[{"embeddable":true,"href":"http:\/\/desarrollo.grupomedios.com\/futbol\/wp-json\/wp\/v2\/users\/20"}],"replies":[{"embeddable":true,"href":"http:\/\/desarrollo.grupomedios.com\/futbol\/wp-json\/wp\/v2\/comments?post=413102"}],"version-history":[{"count":0,"href":"http:\/\/desarrollo.grupomedios.com\/futbol\/wp-json\/wp\/v2\/posts\/413102\/revisions"}],"wp:featuredmedia":[{"embeddable":true,"href":"http:\/\/desarrollo.grupomedios.com\/futbol\/wp-json\/wp\/v2\/media\/413104"}],"wp:attachment":[{"href":"http:\/\/desarrollo.grupomedios.com\/futbol\/wp-json\/wp\/v2\/media?parent=413102"}],"wp:term":[{"taxonomy":"category","embeddable":true,"href":"http:\/\/desarrollo.grupomedios.com\/futbol\/wp-json\/wp\/v2\/categories?post=413102"},{"taxonomy":"post_tag","embeddable":true,"href":"http:\/\/desarrollo.grupomedios.com\/futbol\/wp-json\/wp\/v2\/tags?post=413102"}],"curies":[{"name":"wp","href":"https:\/\/api.w.org\/{rel}","templated":true}]}}