{"id":413116,"date":"2016-07-25T10:17:17","date_gmt":"2016-07-25T15:17:17","guid":{"rendered":"http:\/\/www.futboltotal.com.mx\/?p=413116"},"modified":"2016-07-25T16:40:11","modified_gmt":"2016-07-25T21:40:11","slug":"top-5-mejores-goles-la-jornada-2-del-apertura-2016","status":"publish","type":"post","link":"http:\/\/desarrollo.grupomedios.com\/futbol\/videos\/top-5-mejores-goles-la-jornada-2-del-apertura-2016\/2016\/07","title":{"rendered":"Los mejores goles de la jornada 2"},"content":{"rendered":"<p>La segunda fecha del<strong> Apertura 2016<\/strong> no tuvo muchos goles y registr\u00f3 cuatro igualadas, a\u00fan as\u00ed tuvo emociones que hicieron vibrar a los aficionados de la <strong>Liga MX<\/strong>, en especial, a los que apoyan a equipos que tienen jugadores Ol\u00edmpicos, pues se despidieron, la mayor\u00eda, de buena forma.<\/p>\n<p>Estos fueron las mejores cinco anotaciones de la <strong>jornada 2 del Apertura 2016<\/strong>:<\/p>\n<p>[video_player]https:\/\/player.vimeo.com\/external\/176176823.hd.mp4?s=92a942d10a56d3ab1c8e6bc872bf835e516752e7&amp;profile_id=174[\/video_player]<\/p>\n","protected":false},"excerpt":{"rendered":"<p>Estos fueron los mejores cinco tantos de la segunda fecha<\/p>\n","protected":false},"author":20,"featured_media":413117,"comment_status":"closed","ping_status":"closed","sticky":false,"template":"","format":"standard","meta":[],"categories":[2198,3845,6381,4],"tags":[6927,6185,6241],"_links":{"self":[{"href":"http:\/\/desarrollo.grupomedios.com\/futbol\/wp-json\/wp\/v2\/posts\/413116"}],"collection":[{"href":"http:\/\/desarrollo.grupomedios.com\/futbol\/wp-json\/wp\/v2\/posts"}],"about":[{"href":"http:\/\/desarrollo.grupomedios.com\/futbol\/wp-json\/wp\/v2\/types\/post"}],"author":[{"embeddable":true,"href":"http:\/\/desarrollo.grupomedios.com\/futbol\/wp-json\/wp\/v2\/users\/20"}],"replies":[{"embeddable":true,"href":"http:\/\/desarrollo.grupomedios.com\/futbol\/wp-json\/wp\/v2\/comments?post=413116"}],"version-history":[{"count":0,"href":"http:\/\/desarrollo.grupomedios.com\/futbol\/wp-json\/wp\/v2\/posts\/413116\/revisions"}],"wp:featuredmedia":[{"embeddable":true,"href":"http:\/\/desarrollo.grupomedios.com\/futbol\/wp-json\/wp\/v2\/media\/413117"}],"wp:attachment":[{"href":"http:\/\/desarrollo.grupomedios.com\/futbol\/wp-json\/wp\/v2\/media?parent=413116"}],"wp:term":[{"taxonomy":"category","embeddable":true,"href":"http:\/\/desarrollo.grupomedios.com\/futbol\/wp-json\/wp\/v2\/categories?post=413116"},{"taxonomy":"post_tag","embeddable":true,"href":"http:\/\/desarrollo.grupomedios.com\/futbol\/wp-json\/wp\/v2\/tags?post=413116"}],"curies":[{"name":"wp","href":"https:\/\/api.w.org\/{rel}","templated":true}]}}