{"id":413122,"date":"2016-07-25T10:55:45","date_gmt":"2016-07-25T15:55:45","guid":{"rendered":"http:\/\/www.futboltotal.com.mx\/?p=413122"},"modified":"2016-07-25T10:55:45","modified_gmt":"2016-07-25T15:55:45","slug":"espn-puede-ayudar-a-chivas-tv-jose-ramon-fernandez","status":"publish","type":"post","link":"http:\/\/desarrollo.grupomedios.com\/futbol\/futbol-mexicano\/espn-puede-ayudar-a-chivas-tv-jose-ramon-fernandez\/2016\/07","title":{"rendered":"Jose Ram\u00f3n Fern\u00e1ndez ofrece ayuda a Chivas TV"},"content":{"rendered":"<p>La primera transmisi\u00f3n de un juego de Liga MX emitido exclusivamente por <strong>Chivas TV<\/strong> report\u00f3 fallas, de acuerdo a aficionados que adquirieron el servicio quienes se\u00f1alaron que la imagen se congelaba recurrentemente. Ante los problemas, <strong>Jos\u00e9 Ram\u00f3n Fern\u00e1ndez<\/strong> alz\u00f3 la voz, para dar una recomendaci\u00f3n a la plataforma <em>rojiblanca<\/em>.<\/p>\n<p><strong>Jos\u00e9 Ram\u00f3n Fern\u00e1ndez<\/strong> se percat\u00f3 de que el <a href=\"http:\/\/www.futboltotal.com.mx\/equipos\/guadalajara\/\" target=\"_blank\"><strong>Chivas<\/strong><\/a> vs. Monterrey tuvo problemas de transmisi\u00f3n, por eso mand\u00f3 un mensaje a Jorge Vergara y Jos\u00e9 Luis Higuera, para informarles que \u00e9l y su cadena, estaban dispuestos a echarles la mano, pues <strong>ESPN<\/strong> posee gran experiencia en distintas plataformas.<\/p>\n<p>\u201cYo le dir\u00eda a Jorge Vergara e Jos\u00e9 Luis Higuera que se acercaran a <strong>ESPN<\/strong> para que les d\u00e9 una asesor\u00eda t\u00e9cnica y los ayude en la promoci\u00f3n, todo con costo, en la producci\u00f3n del partido, en todo lo que puede ser, porque <strong>ESPN<\/strong> ha hecho cualquier cantidad de partidos de futbol y en esta ocasi\u00f3n los puede ayudar en muchas cosas\u201d, indic\u00f3 <strong>Jos\u00e9 Ram\u00f3n Fern\u00e1ndez<\/strong>, en una emisi\u00f3n de la cadena en que colabora.<\/p>\n<p style=\"text-align: center;\"><span style=\"color: #3366ff;\"><a style=\"color: #3366ff;\" href=\"http:\/\/www.futboltotal.com.mx\/2016\/07\/chivas-regresaria-a-la-tv-llega-a-la-final\/\" target=\"_blank\"><strong>LEER M\u00c1S: Chivas volver\u00eda a la TV tradicional, pero&#8230;<\/strong><\/a><\/span><\/p>\n<p>Ya en otras ocasiones, el c\u00e9lebre comentarista deportivo ha incitado a Jorge Vergara y a <strong>Chivas<\/strong>, a acercarse a <strong>ESPN<\/strong>, con tal de hacer un fuerte lazo, y quiz\u00e1, hasta lograr que la cadena estadunidense transmita los juegos del <em>Reba\u00f1o Sagrado<\/em>, aunque s\u00f3lo pueda hacerlo, en ocasiones especiales.<\/p>\n<p><span style=\"color: #ff0000;\">VIDEO: Los mejores goles de la jornada 2<\/span><\/p>\n<p>[video_player]https:\/\/player.vimeo.com\/external\/176176823.hd.mp4?s=92a942d10a56d3ab1c8e6bc872bf835e516752e7&amp;profile_id=174[\/video_player]<\/p>\n","protected":false},"excerpt":{"rendered":"<p>El comentarista propone alianza para evitar fallas del servicio<\/p>\n","protected":false},"author":20,"featured_media":413125,"comment_status":"closed","ping_status":"closed","sticky":false,"template":"","format":"standard","meta":[],"categories":[5419,2198],"tags":[5460,5448,6974],"_links":{"self":[{"href":"http:\/\/desarrollo.grupomedios.com\/futbol\/wp-json\/wp\/v2\/posts\/413122"}],"collection":[{"href":"http:\/\/desarrollo.grupomedios.com\/futbol\/wp-json\/wp\/v2\/posts"}],"about":[{"href":"http:\/\/desarrollo.grupomedios.com\/futbol\/wp-json\/wp\/v2\/types\/post"}],"author":[{"embeddable":true,"href":"http:\/\/desarrollo.grupomedios.com\/futbol\/wp-json\/wp\/v2\/users\/20"}],"replies":[{"embeddable":true,"href":"http:\/\/desarrollo.grupomedios.com\/futbol\/wp-json\/wp\/v2\/comments?post=413122"}],"version-history":[{"count":0,"href":"http:\/\/desarrollo.grupomedios.com\/futbol\/wp-json\/wp\/v2\/posts\/413122\/revisions"}],"wp:featuredmedia":[{"embeddable":true,"href":"http:\/\/desarrollo.grupomedios.com\/futbol\/wp-json\/wp\/v2\/media\/413125"}],"wp:attachment":[{"href":"http:\/\/desarrollo.grupomedios.com\/futbol\/wp-json\/wp\/v2\/media?parent=413122"}],"wp:term":[{"taxonomy":"category","embeddable":true,"href":"http:\/\/desarrollo.grupomedios.com\/futbol\/wp-json\/wp\/v2\/categories?post=413122"},{"taxonomy":"post_tag","embeddable":true,"href":"http:\/\/desarrollo.grupomedios.com\/futbol\/wp-json\/wp\/v2\/tags?post=413122"}],"curies":[{"name":"wp","href":"https:\/\/api.w.org\/{rel}","templated":true}]}}