{"id":413146,"date":"2016-07-25T13:44:07","date_gmt":"2016-07-25T18:44:07","guid":{"rendered":"http:\/\/www.futboltotal.com.mx\/?p=413146"},"modified":"2016-07-25T13:47:20","modified_gmt":"2016-07-25T18:47:20","slug":"mireia-belmonte-esta-todos-queriamos-estuviera","status":"publish","type":"post","link":"http:\/\/desarrollo.grupomedios.com\/futbol\/no-todo-es-futbol\/mireia-belmonte-esta-todos-queriamos-estuviera\/2016\/07","title":{"rendered":"Mireia Belmonte est\u00e1 como quer\u00edamos que estuviera&#8230;"},"content":{"rendered":"<p>El director de alto rendimiento de la Federaci\u00f3n Espa\u00f1ola de Nataci\u00f3n, Jos\u00e9 Antonio del Castillo, ha declarado este martes que <strong>Mireia Belmonte<\/strong> est\u00e1 como a todos sus t\u00e9cnicos les hubiera gustado a principio de temporada &#8220;que estuviera a estas alturas&#8221;, en v\u00edsperas de los <strong>Juegos Ol\u00edmpicos<\/strong>.<\/p>\n<p>&#8220;Mireia ha llegado a Gran Canaria con una carga importante tras haber trabajado en altitud. El rendimiento ha sido muy bueno en el Nacional y, tanto su entrenador -el franc\u00e9s Fred Vergnoux-, como ella est\u00e1n muy contentos. Ha sido un refuerzo positivo&#8221;, ha admitido el coordinador del equipo ol\u00edmpico espa\u00f1ol a EFE en Las Palmas de Gran Canaria, donde ultima la puesta a punto de sus nadadores.<\/p>\n<blockquote class=\"twitter-tweet\" data-lang=\"es\">\n<p dir=\"ltr\" lang=\"es\">Soy muy fan de los v\u00eddeos de motivaci\u00f3n, pero si ya es sobre la persona que m\u00e1s me inspira, a parte me emociona. <a href=\"https:\/\/t.co\/Z5UxCVVS8H\">https:\/\/t.co\/Z5UxCVVS8H<\/a><\/p>\n<p>\u2014 Javier Hernanz (@Javierhernanz) <a href=\"https:\/\/twitter.com\/Javierhernanz\/status\/751139291456208896\">7 de julio de 2016<\/a><\/p><\/blockquote>\n<p><script src=\"\/\/platform.twitter.com\/widgets.js\" async=\"\" charset=\"utf-8\"><\/script><\/p>\n<p>El seleccionador ha recordado que la nadadora catalana, que logr\u00f3 la plata en las pruebas de 200 mariposa y 800 libre en los Juegos de Londres, es &#8220;la punta de lanza&#8221; del equipo ol\u00edmpico espa\u00f1ol.<\/p>\n<p>&#8220;Est\u00e1 bastante claro que, por encima de todo, destaca Mireia Belmonte por la experiencia que tuvo hace cuatro a\u00f1os, cuando ya nos demostr\u00f3 que sabe luchar por medallas, y por c\u00f3mo se ha mostrado durante todo el ciclo ol\u00edmpico&#8221;, ha indicado.<\/p>\n<p>Del Castillo espera, adem\u00e1s, que otros miembros del equipo espa\u00f1ol que han luchado por medallas en Mundiales y Europeos sean capaces de rendir &#8220;otra vez al mismo nivel&#8221;.<\/p>\n<p>&#8220;Y luego hay otros nadadores para los que ser\u00e1n sus primeros Juegos, que est\u00e1n creciendo todav\u00eda y que deben ser capaces de aportar lo m\u00e1ximo al equipo, para ver si crece el n\u00famero de semifinalistas&#8221;, ha a\u00f1adido.<\/p>\n<p style=\"text-align: center;\"><span style=\"color: #3366ff;\"><a style=\"color: #3366ff;\" href=\"http:\/\/www.futboltotal.com.mx\/2016\/07\/la-fina-excluye-los-juegos-olimpicos-a-siete-nadadores-rusos\/\" target=\"_blank\"><strong>LEER M\u00c1S: Siete nadadores rusos, exclu\u00eddos de Juegos Ol\u00edmpicos<\/strong><\/a><\/span><\/p>\n<p>El director de alto rendimiento de la Federaci\u00f3n Espa\u00f1ola de Nataci\u00f3n cree que, salvo <strong>Mireia Belmonte<\/strong>, el resto del equipo espa\u00f1ol lo tendr\u00e1n &#8220;muy complicado&#8221;.<\/p>\n<p>&#8220;Hay que ser realista y, si nos basamos en el r\u00e1nking mundial, est\u00e1n un poco lejos. Jessica Vall es la que se encuentra m\u00e1s cerca. Lo positivo es que todos est\u00e1n entrenando duro y compitiendo bastante bien, y es lo que nos hace ser optimistas de cara a lo que resta&#8221;, ha subrayado.<\/p>\n<p>Sobre el buen rendimiento de la mallorquina Melani Costa, quien logr\u00f3 tres medallas de oro y dos de plata en el Nacional, Del Castillo ve &#8220;posibilidades&#8221; de que se clasifique para alguna final en las cuatro pruebas en las que tomar\u00e1 parte en R\u00edo de Janeiro.<\/p>\n<p>&#8220;No tuvo un buen a\u00f1o en 2015 y eso la aleja un poco de las marcas que en principio hay que hacer all\u00ed para conseguir ese pase a la final, pero est\u00e1 m\u00e1s cerca ahora y esperamos que est\u00e9 en la lucha por la final&#8221;, ha explicado.<\/p>\n<p>A pesar de la dificultad de obtener medallas en Brasil, porque &#8220;todos los equipos quieren lo mismo&#8221;, Del Castillo ha considerado que deben hacer el trabajo &#8220;muy bien&#8221; en el &#8220;poco tiempo que queda&#8221;, para ser capaces de dar el &#8220;paso que falta&#8221;.<\/p>\n<p>Sobre la concentraci\u00f3n en Gran Canaria, el seleccionador ha relatado que el objetivo &#8220;prioritario&#8221; ha sido competir en el Campeonato de Espa\u00f1a, por ser el &#8220;\u00faltimo test&#8221; de cara a R\u00edo.<\/p>\n<p>&#8220;Hemos querido aprovechar una condiciones clim\u00e1ticas parecidas a las que nos vamos a encontrar en Brasil para compartir unos d\u00edas como equipo. Las sensaciones han sido bastante positivas&#8221;, ha a\u00f1adido.<\/p>\n<p>Del Castillo considera que la &#8220;dificultad&#8221; de esta estancia de preparaci\u00f3n en Gran Canaria era &#8220;mantener el nivel de entrenamientos con cuatro o cinco d\u00edas de competici\u00f3n&#8221;, pero cree que ha sido posible por las &#8220;buenas instalaciones&#8221; del Club Nataci\u00f3n Metropole y del Club Nataci\u00f3n Las Palmas.<\/p>\n<p>&#8220;Hemos podido ejercer este control sobre el programa y probar cosas que ya no tendremos m\u00e1s oportunidades hasta la competici\u00f3n. Los nadadores necesitaban levantarse y desayunar a ciertas horas, realizar el calentamiento, afrontar la prueba, la suplementaci\u00f3n de ese d\u00eda y la recuperaci\u00f3n. Adem\u00e1s, las grabaciones con el biomec\u00e1nico les han servido como respuesta a todo lo que est\u00e1n entrenando para ponerlo en pr\u00e1ctica&#8221;, ha finalizado.<\/p>\n","protected":false},"excerpt":{"rendered":"<p>Rector de la Federaci\u00f3n de Alto Rendimiento de Espa\u00f1a, elogia a la nadadora<\/p>\n","protected":false},"author":144,"featured_media":413148,"comment_status":"closed","ping_status":"closed","sticky":false,"template":"","format":"standard","meta":[],"categories":[7185,7182,5418,6411],"tags":[2033,1911],"_links":{"self":[{"href":"http:\/\/desarrollo.grupomedios.com\/futbol\/wp-json\/wp\/v2\/posts\/413146"}],"collection":[{"href":"http:\/\/desarrollo.grupomedios.com\/futbol\/wp-json\/wp\/v2\/posts"}],"about":[{"href":"http:\/\/desarrollo.grupomedios.com\/futbol\/wp-json\/wp\/v2\/types\/post"}],"author":[{"embeddable":true,"href":"http:\/\/desarrollo.grupomedios.com\/futbol\/wp-json\/wp\/v2\/users\/144"}],"replies":[{"embeddable":true,"href":"http:\/\/desarrollo.grupomedios.com\/futbol\/wp-json\/wp\/v2\/comments?post=413146"}],"version-history":[{"count":0,"href":"http:\/\/desarrollo.grupomedios.com\/futbol\/wp-json\/wp\/v2\/posts\/413146\/revisions"}],"wp:featuredmedia":[{"embeddable":true,"href":"http:\/\/desarrollo.grupomedios.com\/futbol\/wp-json\/wp\/v2\/media\/413148"}],"wp:attachment":[{"href":"http:\/\/desarrollo.grupomedios.com\/futbol\/wp-json\/wp\/v2\/media?parent=413146"}],"wp:term":[{"taxonomy":"category","embeddable":true,"href":"http:\/\/desarrollo.grupomedios.com\/futbol\/wp-json\/wp\/v2\/categories?post=413146"},{"taxonomy":"post_tag","embeddable":true,"href":"http:\/\/desarrollo.grupomedios.com\/futbol\/wp-json\/wp\/v2\/tags?post=413146"}],"curies":[{"name":"wp","href":"https:\/\/api.w.org\/{rel}","templated":true}]}}