{"id":413151,"date":"2016-07-25T14:03:34","date_gmt":"2016-07-25T19:03:34","guid":{"rendered":"http:\/\/www.futboltotal.com.mx\/?p=413151"},"modified":"2016-07-25T22:02:26","modified_gmt":"2016-07-26T03:02:26","slug":"las-emociones-la-jornada-2-del-apertura-2016","status":"publish","type":"post","link":"http:\/\/desarrollo.grupomedios.com\/futbol\/videos\/las-emociones-la-jornada-2-del-apertura-2016\/2016\/07","title":{"rendered":"Las emociones de la jornada 2 del Apertura 2016"},"content":{"rendered":"<p>La segunda fecha del <strong>Apertura 2016<\/strong> no tuvo muchos goles y registr\u00f3 cuatro igualadas, a\u00fan as\u00ed tuvo momentos que hicieron vibrar a los aficionados de la <strong>Liga MX<\/strong>, en especial, a los que apoyan a equipos que tienen jugadores Ol\u00edmpicos, pues se despidieron, la mayor\u00eda, de buena forma. Por eso a continuaci\u00f3n, tenemos lo m\u00e1s destacado de la jornada 2, en <strong>emociones<\/strong> de Facebook:<\/p>\n<p style=\"text-align: center;\"><span style=\"color: #3366ff;\"><a style=\"color: #3366ff;\" href=\"http:\/\/www.futboltotal.com.mx\/2016\/07\/top-5-mejores-goles-la-jornada-2-del-apertura-2016\/\" target=\"_blank\"><strong>LEER M\u00c1S: Los mejores goles de la jornada<\/strong><\/a><\/span><\/p>\n<p>[video_player]https:\/\/player.vimeo.com\/external\/176211836.hd.mp4?s=1baabe5436691513416c8bbf94f74cdcca93985b&amp;profile_id=174[\/video_player]<\/p>\n","protected":false},"excerpt":{"rendered":"<p>Lo destacado de la segunda fecha, en emociones<\/p>\n","protected":false},"author":20,"featured_media":413153,"comment_status":"closed","ping_status":"closed","sticky":false,"template":"","format":"standard","meta":[],"categories":[2198,3845,4],"tags":[6927,7055],"_links":{"self":[{"href":"http:\/\/desarrollo.grupomedios.com\/futbol\/wp-json\/wp\/v2\/posts\/413151"}],"collection":[{"href":"http:\/\/desarrollo.grupomedios.com\/futbol\/wp-json\/wp\/v2\/posts"}],"about":[{"href":"http:\/\/desarrollo.grupomedios.com\/futbol\/wp-json\/wp\/v2\/types\/post"}],"author":[{"embeddable":true,"href":"http:\/\/desarrollo.grupomedios.com\/futbol\/wp-json\/wp\/v2\/users\/20"}],"replies":[{"embeddable":true,"href":"http:\/\/desarrollo.grupomedios.com\/futbol\/wp-json\/wp\/v2\/comments?post=413151"}],"version-history":[{"count":0,"href":"http:\/\/desarrollo.grupomedios.com\/futbol\/wp-json\/wp\/v2\/posts\/413151\/revisions"}],"wp:featuredmedia":[{"embeddable":true,"href":"http:\/\/desarrollo.grupomedios.com\/futbol\/wp-json\/wp\/v2\/media\/413153"}],"wp:attachment":[{"href":"http:\/\/desarrollo.grupomedios.com\/futbol\/wp-json\/wp\/v2\/media?parent=413151"}],"wp:term":[{"taxonomy":"category","embeddable":true,"href":"http:\/\/desarrollo.grupomedios.com\/futbol\/wp-json\/wp\/v2\/categories?post=413151"},{"taxonomy":"post_tag","embeddable":true,"href":"http:\/\/desarrollo.grupomedios.com\/futbol\/wp-json\/wp\/v2\/tags?post=413151"}],"curies":[{"name":"wp","href":"https:\/\/api.w.org\/{rel}","templated":true}]}}