{"id":413196,"date":"2016-07-25T17:41:01","date_gmt":"2016-07-25T22:41:01","guid":{"rendered":"http:\/\/www.futboltotal.com.mx\/?p=413196"},"modified":"2016-07-25T17:41:01","modified_gmt":"2016-07-25T22:41:01","slug":"al-salon-la-fama-pachuca-en-turibus","status":"publish","type":"post","link":"http:\/\/desarrollo.grupomedios.com\/futbol\/futbol-mexicano\/al-salon-la-fama-pachuca-en-turibus\/2016\/07","title":{"rendered":"Al Sal\u00f3n de la Fama de Pachuca en Turib\u00fas"},"content":{"rendered":"<p>A partir de este lunes 25 de julio, todos los d\u00edas saldr\u00e1 desde la <strong>Ciudad de M\u00e9xico<\/strong> con destino a <strong>Pachuca<\/strong>, un autob\u00fas tur\u00edstico que trasladar\u00e1 a las personas interesadas en conocer el <strong>Centro Interactivo Mundo Futbo<\/strong>l, el Sal\u00f3n de la Fama, el <strong>Estadio Hidalgo<\/strong> y la Universidad del Futbol.<\/p>\n<p>&nbsp;<\/p>\n<p>El servicio llamado Experiencia Futbol e instrumentado por autobuses <strong>ADO<\/strong>, el Gobierno de la Ciudad de M\u00e9xico y los operadores del Turib\u00fas\u00a0 <strong>saldr\u00e1 cada d\u00eda del Auditorio Nacional<\/strong> a las 8:30 de la ma\u00f1ana para despu\u00e9s trasladarse al \u00c1ngel de la Independencia, la Glorieta de Col\u00f3n, el Hemiciclo a Ju\u00e1rez y el Z\u00f3calo.<\/p>\n<p>&nbsp;<\/p>\n<p><a href=\"http:\/\/www.futboltotal.com.mx\/wp-content\/uploads\/2016\/07\/TuribusPachuca2.jpg\"><img decoding=\"async\" loading=\"lazy\" class=\"alignnone size-full wp-image-413200\" src=\"http:\/\/www.futboltotal.com.mx\/wp-content\/uploads\/2016\/07\/TuribusPachuca2.jpg\" alt=\"Turib\u00fas Pachuca\" srcset=\"http:\/\/desarrollo.grupomedios.com\/futbol\/wp-content\/uploads\/2016\/07\/TuribusPachuca2.jpg 858w, http:\/\/desarrollo.grupomedios.com\/futbol\/wp-content\/uploads\/2016\/07\/TuribusPachuca2-300x151.jpg 300w, http:\/\/desarrollo.grupomedios.com\/futbol\/wp-content\/uploads\/2016\/07\/TuribusPachuca2-768x386.jpg 768w, http:\/\/desarrollo.grupomedios.com\/futbol\/wp-content\/uploads\/2016\/07\/TuribusPachuca2-340x171.jpg 340w\" sizes=\"(max-width: 858px) 100vw, 858px\" \/><\/a><\/p>\n<p>Posteriormente tomar\u00e1 la autopista a <strong>Pachuca<\/strong>. Al llegar a la capital del estado de <strong>Hidalgo<\/strong>, la experiencia consistir\u00e1 en conocer a detalle todas las instalaciones deportivas, acad\u00e9micas, culturales y sociales del <strong>Grupo Pachuca<\/strong>, adem\u00e1s de comer en el restaurante La Braza.<\/p>\n<p>&nbsp;<\/p>\n<blockquote class=\"twitter-tweet\" data-lang=\"en\">\n<p dir=\"ltr\" lang=\"es\">Tuzostv: Presentaci\u00f3n del TuriTour: <a href=\"https:\/\/t.co\/nGCSJmuJ7p\">https:\/\/t.co\/nGCSJmuJ7p<\/a> a trav\u00e9s de <a href=\"https:\/\/twitter.com\/YouTube\">@YouTube<\/a><\/p>\n<p>\u2014 Club Pachuca (@Tuzos) <a href=\"https:\/\/twitter.com\/Tuzos\/status\/756529346689507332\">July 22, 2016<\/a><\/p><\/blockquote>\n<p><script src=\"\/\/platform.twitter.com\/widgets.js\" async=\"\" charset=\"utf-8\"><\/script><\/p>\n<p>En el banderazo del <strong>Turib\u00fas Experiencia del Futbol<\/strong> participaron algunos jugadores del Pachuca, vigente campe\u00f3n de la <strong>Liga MX<\/strong>, como Oscar P\u00e9rez, Ra\u00fal L\u00f3pez, Omar Gonz\u00e1lez y Oscar Murillo.<\/p>\n<p>&nbsp;<\/p>\n<p>Tambi\u00e9n estuvieron presentes <strong>Jes\u00fas Mart\u00ednez Pati\u00f1o<\/strong>, presidente del Grupo Pachuca, y Antonio Moreno Zerme\u00f1o, director ejecutivo del Sal\u00f3n de la Fama.<\/p>\n<p>&nbsp;<\/p>\n<p><iframe loading=\"lazy\" src=\"https:\/\/www.youtube.com\/embed\/GJhIpXb921M\" frameborder=\"0\" allowfullscreen=\"allowfullscreen\"><\/iframe><\/p>\n<p>&nbsp;<\/p>\n<p>El costo del paquete tur\u00edstico todo incluido es de <strong>950<\/strong> pesos por adulto y <strong>899<\/strong> para ni\u00f1os y adultos mayores que presenten credencial del <strong>Inapam<\/strong>. Para m\u00e1s informes puedes visitar <span style=\"color: #800000;\"><a style=\"color: #800000;\" href=\"http:\/\/www.turibus.com.mx\/\">turibus.com.mx <\/a><\/span>en internet.<\/p>\n<p>&nbsp;<\/p>\n","protected":false},"excerpt":{"rendered":"<p>Los Tuzos estrenan una nueva y agradable forma de visitarlos<\/p>\n","protected":false},"author":126,"featured_media":413201,"comment_status":"closed","ping_status":"closed","sticky":false,"template":"","format":"standard","meta":[],"categories":[5419,2198,3845,5950],"tags":[5968,2934,7276],"_links":{"self":[{"href":"http:\/\/desarrollo.grupomedios.com\/futbol\/wp-json\/wp\/v2\/posts\/413196"}],"collection":[{"href":"http:\/\/desarrollo.grupomedios.com\/futbol\/wp-json\/wp\/v2\/posts"}],"about":[{"href":"http:\/\/desarrollo.grupomedios.com\/futbol\/wp-json\/wp\/v2\/types\/post"}],"author":[{"embeddable":true,"href":"http:\/\/desarrollo.grupomedios.com\/futbol\/wp-json\/wp\/v2\/users\/126"}],"replies":[{"embeddable":true,"href":"http:\/\/desarrollo.grupomedios.com\/futbol\/wp-json\/wp\/v2\/comments?post=413196"}],"version-history":[{"count":0,"href":"http:\/\/desarrollo.grupomedios.com\/futbol\/wp-json\/wp\/v2\/posts\/413196\/revisions"}],"wp:featuredmedia":[{"embeddable":true,"href":"http:\/\/desarrollo.grupomedios.com\/futbol\/wp-json\/wp\/v2\/media\/413201"}],"wp:attachment":[{"href":"http:\/\/desarrollo.grupomedios.com\/futbol\/wp-json\/wp\/v2\/media?parent=413196"}],"wp:term":[{"taxonomy":"category","embeddable":true,"href":"http:\/\/desarrollo.grupomedios.com\/futbol\/wp-json\/wp\/v2\/categories?post=413196"},{"taxonomy":"post_tag","embeddable":true,"href":"http:\/\/desarrollo.grupomedios.com\/futbol\/wp-json\/wp\/v2\/tags?post=413196"}],"curies":[{"name":"wp","href":"https:\/\/api.w.org\/{rel}","templated":true}]}}