{"id":413217,"date":"2016-07-25T18:30:35","date_gmt":"2016-07-25T23:30:35","guid":{"rendered":"http:\/\/www.futboltotal.com.mx\/?p=413217"},"modified":"2016-07-25T21:06:17","modified_gmt":"2016-07-26T02:06:17","slug":"america-lanza-nuevo-video-centenario","status":"publish","type":"post","link":"http:\/\/desarrollo.grupomedios.com\/futbol\/destacado-home\/america-lanza-nuevo-video-centenario\/2016\/07","title":{"rendered":"Am\u00e9rica: Grandeza que se hereda"},"content":{"rendered":"<p>El CF <strong>Am\u00e9rica<\/strong> lanz\u00f3 este lunes un nuevo video promocional como parte del centenario de vida que cumplir\u00e1 el pr\u00f3ximo 12 de octubre.<\/p>\n<p>En esta ocasi\u00f3n, las <em>\u00c1guilas\u00a0<\/em>dejaron a un lado las comparaciones con otros equipos del futbol mexicano y apostaron por enaltecer el valor del americanismo con un video titulado &#8220;La mejor herencia&#8221;. \u00a1No te lo pierdas y cu\u00e9ntanos que opinas sobre el promocional.<\/p>\n<p style=\"text-align: center;\"><span style=\"color: #3366ff;\"><strong><a style=\"color: #3366ff;\" href=\"http:\/\/www.futboltotal.com.mx\/2016\/07\/america-trollea-a-pumas\/\">LEER M\u00c1S: Pumas, otra v\u00edctima de Am\u00e9rica<\/a><\/strong><\/span><\/p>\n<p><iframe loading=\"lazy\" src=\"https:\/\/www.youtube.com\/embed\/FwhYKANZbJg\" frameborder=\"0\" allowfullscreen=\"allowfullscreen\"><\/iframe><\/p>\n","protected":false},"excerpt":{"rendered":"<p>Las \u00c1guilas lanzan nuevo promocional con motivo del centenario<\/p>\n","protected":false},"author":20,"featured_media":413218,"comment_status":"closed","ping_status":"closed","sticky":false,"template":"","format":"standard","meta":[],"categories":[5,2198,3845],"tags":[5959],"_links":{"self":[{"href":"http:\/\/desarrollo.grupomedios.com\/futbol\/wp-json\/wp\/v2\/posts\/413217"}],"collection":[{"href":"http:\/\/desarrollo.grupomedios.com\/futbol\/wp-json\/wp\/v2\/posts"}],"about":[{"href":"http:\/\/desarrollo.grupomedios.com\/futbol\/wp-json\/wp\/v2\/types\/post"}],"author":[{"embeddable":true,"href":"http:\/\/desarrollo.grupomedios.com\/futbol\/wp-json\/wp\/v2\/users\/20"}],"replies":[{"embeddable":true,"href":"http:\/\/desarrollo.grupomedios.com\/futbol\/wp-json\/wp\/v2\/comments?post=413217"}],"version-history":[{"count":0,"href":"http:\/\/desarrollo.grupomedios.com\/futbol\/wp-json\/wp\/v2\/posts\/413217\/revisions"}],"wp:featuredmedia":[{"embeddable":true,"href":"http:\/\/desarrollo.grupomedios.com\/futbol\/wp-json\/wp\/v2\/media\/413218"}],"wp:attachment":[{"href":"http:\/\/desarrollo.grupomedios.com\/futbol\/wp-json\/wp\/v2\/media?parent=413217"}],"wp:term":[{"taxonomy":"category","embeddable":true,"href":"http:\/\/desarrollo.grupomedios.com\/futbol\/wp-json\/wp\/v2\/categories?post=413217"},{"taxonomy":"post_tag","embeddable":true,"href":"http:\/\/desarrollo.grupomedios.com\/futbol\/wp-json\/wp\/v2\/tags?post=413217"}],"curies":[{"name":"wp","href":"https:\/\/api.w.org\/{rel}","templated":true}]}}