{"id":413231,"date":"2016-07-29T08:00:59","date_gmt":"2016-07-29T13:00:59","guid":{"rendered":"http:\/\/www.futboltotal.com.mx\/?p=413231"},"modified":"2016-07-29T08:29:16","modified_gmt":"2016-07-29T13:29:16","slug":"41323agenda-tv-jornada-3-apertura-2016","status":"publish","type":"post","link":"http:\/\/desarrollo.grupomedios.com\/futbol\/videos\/41323agenda-tv-jornada-3-apertura-2016\/2016\/07","title":{"rendered":"AGENDA TV | Jornada 3 \u2013 Apertura 2016"},"content":{"rendered":"<p>El <strong>Apertura 2016<\/strong> de la <strong><span style=\"color: #ff0000;\"><a style=\"color: #ff0000;\" href=\"http:\/\/Liga MX\">Liga MX<\/a><\/span><\/strong> tendr\u00e1, en comparaci\u00f3n con el pasado torneo, cambios significativos en materia de transmisiones de televisi\u00f3n y horarios, toda vez que varios clubes decidieron modificar la hora en que jugar\u00e1n como locales y otros cambiaron de televisora.<\/p>\n<p>Para que no te pierdas con tantas modificaciones, en <em>Futbol Total<\/em> te dejamos la <strong>Agenda de TV<\/strong> de la jornada 1 del Apertura 2016, fecha que arrancar\u00e1 el pr\u00f3ximo viernes.<\/p>\n<p style=\"text-align: center;\"><span style=\"color: #3366ff;\"><strong><a style=\"color: #3366ff;\" href=\"http:\/\/www.futboltotal.com.mx\/futbol-mexicano\/\">LEER M\u00c1S: Todas las noticias de futbol mexicano<\/a><\/strong><\/span><\/p>\n<p>[video_player]https:\/\/player.vimeo.com\/external\/176225837.hd.mp4?s=eabca78ce3ac408b3ee62d41ddd3413cb2398af1&amp;profile_id=174[\/video_player]<\/p>\n","protected":false},"excerpt":{"rendered":"<p>Los detalles sobre las transmisi\u00f3n de partidos de la Liga MX<\/p>\n","protected":false},"author":20,"featured_media":413232,"comment_status":"closed","ping_status":"closed","sticky":false,"template":"","format":"standard","meta":[],"categories":[2198,3845,4],"tags":[6927,64],"_links":{"self":[{"href":"http:\/\/desarrollo.grupomedios.com\/futbol\/wp-json\/wp\/v2\/posts\/413231"}],"collection":[{"href":"http:\/\/desarrollo.grupomedios.com\/futbol\/wp-json\/wp\/v2\/posts"}],"about":[{"href":"http:\/\/desarrollo.grupomedios.com\/futbol\/wp-json\/wp\/v2\/types\/post"}],"author":[{"embeddable":true,"href":"http:\/\/desarrollo.grupomedios.com\/futbol\/wp-json\/wp\/v2\/users\/20"}],"replies":[{"embeddable":true,"href":"http:\/\/desarrollo.grupomedios.com\/futbol\/wp-json\/wp\/v2\/comments?post=413231"}],"version-history":[{"count":0,"href":"http:\/\/desarrollo.grupomedios.com\/futbol\/wp-json\/wp\/v2\/posts\/413231\/revisions"}],"wp:featuredmedia":[{"embeddable":true,"href":"http:\/\/desarrollo.grupomedios.com\/futbol\/wp-json\/wp\/v2\/media\/413232"}],"wp:attachment":[{"href":"http:\/\/desarrollo.grupomedios.com\/futbol\/wp-json\/wp\/v2\/media?parent=413231"}],"wp:term":[{"taxonomy":"category","embeddable":true,"href":"http:\/\/desarrollo.grupomedios.com\/futbol\/wp-json\/wp\/v2\/categories?post=413231"},{"taxonomy":"post_tag","embeddable":true,"href":"http:\/\/desarrollo.grupomedios.com\/futbol\/wp-json\/wp\/v2\/tags?post=413231"}],"curies":[{"name":"wp","href":"https:\/\/api.w.org\/{rel}","templated":true}]}}