{"id":413268,"date":"2016-07-26T11:25:11","date_gmt":"2016-07-26T16:25:11","guid":{"rendered":"http:\/\/www.futboltotal.com.mx\/?p=413268"},"modified":"2016-07-26T11:25:11","modified_gmt":"2016-07-26T16:25:11","slug":"arturo-rivera-insulta-a-chivas-a-usain-bolt","status":"publish","type":"post","link":"http:\/\/desarrollo.grupomedios.com\/futbol\/futbol-mexicano\/arturo-rivera-insulta-a-chivas-a-usain-bolt\/2016\/07","title":{"rendered":"Arturo Rivera insulta a Chivas y a Usain Bolt"},"content":{"rendered":"<p>El pasado lunes 25 de julio, el diario <em>R\u00e9cord<\/em> public\u00f3 una foto donde el velocista jamaiquino,<strong> Usain Bolt<\/strong>, luc\u00eda con la camiseta de <strong>Chivas<\/strong>, que fue dise\u00f1ada por la marca <em>Puma<\/em>, que tambi\u00e9n funge de patrocinador del hist\u00f3rico atleta Ol\u00edmpico, a quien le gust\u00f3 el jersey y felicit\u00f3 al Guadalajara por jugar \u00fanicamente con mexicanos y as\u00ed destacar.<\/p>\n<p><strong>Chivas<\/strong> contest\u00f3 a <strong>Usain Bolt<\/strong>, compartiendo la imagen en sus redes sociales, situaci\u00f3n por la que el velocista se gan\u00f3 el coraz\u00f3n de la afici\u00f3n <em>rojiblanca<\/em>; no obstante, hubo a quienes no les gust\u00f3 la imagen del jamaiquino con el jersey <em>rojiblanco<\/em>, entre ellos, el comentarista deportivo, <strong>Arturo Rivera<\/strong>.<\/p>\n<p style=\"text-align: center;\"><span style=\"color: #3366ff;\"><a style=\"color: #3366ff;\" href=\"http:\/\/www.futboltotal.com.mx\/2016\/07\/los-rivales-cuauhtemoc-blanco\/\" target=\"_blank\"><strong>LEER M\u00c1S: Los rivales del Cuau<\/strong><\/a><\/span><\/p>\n<blockquote class=\"twitter-tweet\" data-lang=\"es\">\n<p dir=\"ltr\" lang=\"es\">Hey <a href=\"https:\/\/twitter.com\/usainbolt\">@usainbolt<\/a>, claro que seguiremos apostando por el talento mexicano <a href=\"https:\/\/twitter.com\/hashtag\/UnidosSomosCA3RONES?src=hash\">#UnidosSomosCA3RONES<\/a>  Foto <a href=\"https:\/\/twitter.com\/record_mexico\">@record_mexico<\/a> <a href=\"https:\/\/t.co\/A4LhHpOB4L\">pic.twitter.com\/A4LhHpOB4L<\/a><\/p>\n<p>\u2014 CHIVAS (@Chivas) <a href=\"https:\/\/twitter.com\/Chivas\/status\/757647362676273153\">25 de julio de 2016<\/a><\/p><\/blockquote>\n<p><script src=\"\/\/platform.twitter.com\/widgets.js\" async=\"\" charset=\"utf-8\"><\/script><\/p>\n<p><em>El Rudo<\/em>, conocido por su extrema franqueza al hablar, donde frecuentemente se le escapan insultos y hasta groser\u00edas, no pudo evitar burlarse de <strong>Usain Bolt<\/strong> y de <strong>Chivas<\/strong>, e incluso, se mostr\u00f3 hom\u00f3fobo y elitista al mofarse de ellos, en su cuenta de Twitter.<\/p>\n<blockquote class=\"twitter-tweet\" data-lang=\"es\"><p>\nSe volvi\u00f3 joto?<br \/>\n Andar\u00e1 drogado?<br \/>\n Es indigente?, limosnero?, macuarro?, o borracho? <a href=\"https:\/\/t.co\/9xDONmihmG\">https:\/\/t.co\/9xDONmihmG<\/a><\/p>\n<p>\u2014 Arturo Rivera (@rudorivera) <a href=\"https:\/\/twitter.com\/rudorivera\/status\/757649910850203648\">25 de julio de 2016<\/a>\n<\/p><\/blockquote>\n<p><script src=\"\/\/platform.twitter.com\/widgets.js\" async=\"\" charset=\"utf-8\"><\/script><\/p>\n<p>Los comentarios de <strong>Arturo Rivera<\/strong>, causaron impacto de inmediato entre los aficionados, quienes lo ofendieron por ser un empleado de Televisa y por su personalidad.<\/p>\n<blockquote class=\"twitter-tweet\" data-conversation=\"none\" data-lang=\"es\">\n<p dir=\"ltr\" lang=\"es\"><a href=\"https:\/\/twitter.com\/rudorivera\">@rudorivera<\/a> \u00bfQue querias? que le fuera a un equipo del ascenso con menos de 5 mil aficionados?<\/p>\n<p>\u2014 Andres Tachiquin (@And_Tachiquin) <a href=\"https:\/\/twitter.com\/And_Tachiquin\/status\/757650759005540352\">25 de julio de 2016<\/a><\/p><\/blockquote>\n<p><script src=\"\/\/platform.twitter.com\/widgets.js\" async=\"\" charset=\"utf-8\"><\/script><\/p>\n<blockquote class=\"twitter-tweet\" data-conversation=\"none\" data-lang=\"es\"><p>\n<a href=\"https:\/\/twitter.com\/rudorivera\">@rudorivera<\/a> <a href=\"https:\/\/twitter.com\/MercyDava\">@MercyDava<\/a> <a href=\"https:\/\/twitter.com\/Chivas\">@Chivas<\/a> Ninguna de las anteriores es m\u00e1s denigrante que ser empleado y comentarista de televisa. Arrastrado!<\/p>\n<p>\u2014 Jaime Mendoza (@scrapy1605) <a href=\"https:\/\/twitter.com\/scrapy1605\/status\/757668101781499904\">25 de julio de 2016<\/a>\n<\/p><\/blockquote>\n<p><script src=\"\/\/platform.twitter.com\/widgets.js\" async=\"\" charset=\"utf-8\"><\/script><\/p>\n<p><span style=\"color: #ff0000;\">VIDEO: Gu\u00eda de supervivencia de la jornada 2 de la Copa MX<\/span><\/p>\n<p>[video_player]https:\/\/player.vimeo.com\/external\/176327619.hd.mp4?s=3732691205b1d373d8fd1fb5b48deb09815f07eb&amp;profile_id=174[\/video_player]<\/p>\n","protected":false},"excerpt":{"rendered":"<p>El Rudo molest\u00f3 a la afici\u00f3n tras comentarios contra rojiblancos y el velocista<\/p>\n","protected":false},"author":20,"featured_media":413270,"comment_status":"closed","ping_status":"closed","sticky":false,"template":"","format":"standard","meta":[],"categories":[7187,5419,2198,7182,3845],"tags":[5460],"_links":{"self":[{"href":"http:\/\/desarrollo.grupomedios.com\/futbol\/wp-json\/wp\/v2\/posts\/413268"}],"collection":[{"href":"http:\/\/desarrollo.grupomedios.com\/futbol\/wp-json\/wp\/v2\/posts"}],"about":[{"href":"http:\/\/desarrollo.grupomedios.com\/futbol\/wp-json\/wp\/v2\/types\/post"}],"author":[{"embeddable":true,"href":"http:\/\/desarrollo.grupomedios.com\/futbol\/wp-json\/wp\/v2\/users\/20"}],"replies":[{"embeddable":true,"href":"http:\/\/desarrollo.grupomedios.com\/futbol\/wp-json\/wp\/v2\/comments?post=413268"}],"version-history":[{"count":0,"href":"http:\/\/desarrollo.grupomedios.com\/futbol\/wp-json\/wp\/v2\/posts\/413268\/revisions"}],"wp:featuredmedia":[{"embeddable":true,"href":"http:\/\/desarrollo.grupomedios.com\/futbol\/wp-json\/wp\/v2\/media\/413270"}],"wp:attachment":[{"href":"http:\/\/desarrollo.grupomedios.com\/futbol\/wp-json\/wp\/v2\/media?parent=413268"}],"wp:term":[{"taxonomy":"category","embeddable":true,"href":"http:\/\/desarrollo.grupomedios.com\/futbol\/wp-json\/wp\/v2\/categories?post=413268"},{"taxonomy":"post_tag","embeddable":true,"href":"http:\/\/desarrollo.grupomedios.com\/futbol\/wp-json\/wp\/v2\/tags?post=413268"}],"curies":[{"name":"wp","href":"https:\/\/api.w.org\/{rel}","templated":true}]}}