{"id":413276,"date":"2016-07-26T12:11:18","date_gmt":"2016-07-26T17:11:18","guid":{"rendered":"http:\/\/www.futboltotal.com.mx\/?p=413276"},"modified":"2016-07-26T12:11:18","modified_gmt":"2016-07-26T17:11:18","slug":"oscar-washington-tabarez-critico-a-la-liga-mx","status":"publish","type":"post","link":"http:\/\/desarrollo.grupomedios.com\/futbol\/futbol-internacional\/oscar-washington-tabarez-critico-a-la-liga-mx\/2016\/07","title":{"rendered":"T\u00e9cnico de Uruguay critic\u00f3 a la Liga MX"},"content":{"rendered":"<p>Despu\u00e9s del problema que tuvieron <span style=\"color: #ff0000;\"><a style=\"color: #ff0000;\" href=\"http:\/\/futboltotal.com.mx\/equipos\/monterrey\/\">Rayados de Monterrey<\/a><\/span> y la Federaci\u00f3n Uruguaya de Futbol con el jugador Carlos S\u00e1nchez, que no pudo disputar la Final de la Liga MX, el t\u00e9cnico charr\u00faa <strong>\u00d3scar Washington Tab\u00e1rez<\/strong>, critic\u00f3 a la Liga MX y la responsabiliz\u00f3 de la ausencia del mediocampista en los partidos ante los\u00a0<span style=\"color: #ff0000;\"><a style=\"color: #ff0000;\" href=\"http:\/\/futboltotal.com.mx\/equipo\/pachuca\/\"><em>Tuzos\u00a0<\/em>del Pachuca<\/a><\/span>.<\/p>\n<blockquote><p>&#8220;\u00bfHasta d\u00f3nde es culpa del entrenador de <strong>Uruguay<\/strong>? que por ejemplo, la Copa America se juega antes de que se jueguen esas finales, o que el torneo mexicano no le d\u00e9 importancia a eso y juegue los partidos mientras ya est\u00e1n corriendo los plazos para presentaci\u00f3n de los futbolistas&#8221;<\/p><\/blockquote>\n<p style=\"text-align: center;\"><span style=\"color: #3366ff;\">LEER M\u00c1S:\u00a0<a style=\"color: #3366ff;\" href=\"http:\/\/www.futboltotal.com.mx\/2016\/07\/juventus-registra-a-gonzalo-higuain-ante-la-federacion-italiana\/\">JUVE REGISTRA A HIGUA\u00cdN ANTE LA FEDERACI\u00d3N ITALIANA<\/a><\/span><\/p>\n<p>Adem\u00e1s, Tab\u00e1rez coment\u00f3 que el caso de S\u00e1nchez no fue el \u00fanico y que se tomaron decisiones iguales para todos y no solo con \u00e9l por ser de la <strong>Liga MX<\/strong>.<\/p>\n<blockquote><p>&#8220;Nosotros no tomamos una decisi\u00f3n especialmente en <strong>Carlos s\u00e1nchez<\/strong>, tomamos la misma decisi\u00f3n con todos los futbolistas&#8221;, dijo en entrevista para la cadena\u00a0<em>TDN<\/em>.<\/p><\/blockquote>\n","protected":false},"excerpt":{"rendered":"<p>El t\u00e9cnico culp\u00f3 al calendario por la ausencia de Carlos S\u00e1nchez en la Final<\/p>\n","protected":false},"author":20,"featured_media":413277,"comment_status":"closed","ping_status":"closed","sticky":false,"template":"","format":"standard","meta":[],"categories":[3839,3845,5951],"tags":[6214,64],"_links":{"self":[{"href":"http:\/\/desarrollo.grupomedios.com\/futbol\/wp-json\/wp\/v2\/posts\/413276"}],"collection":[{"href":"http:\/\/desarrollo.grupomedios.com\/futbol\/wp-json\/wp\/v2\/posts"}],"about":[{"href":"http:\/\/desarrollo.grupomedios.com\/futbol\/wp-json\/wp\/v2\/types\/post"}],"author":[{"embeddable":true,"href":"http:\/\/desarrollo.grupomedios.com\/futbol\/wp-json\/wp\/v2\/users\/20"}],"replies":[{"embeddable":true,"href":"http:\/\/desarrollo.grupomedios.com\/futbol\/wp-json\/wp\/v2\/comments?post=413276"}],"version-history":[{"count":0,"href":"http:\/\/desarrollo.grupomedios.com\/futbol\/wp-json\/wp\/v2\/posts\/413276\/revisions"}],"wp:featuredmedia":[{"embeddable":true,"href":"http:\/\/desarrollo.grupomedios.com\/futbol\/wp-json\/wp\/v2\/media\/413277"}],"wp:attachment":[{"href":"http:\/\/desarrollo.grupomedios.com\/futbol\/wp-json\/wp\/v2\/media?parent=413276"}],"wp:term":[{"taxonomy":"category","embeddable":true,"href":"http:\/\/desarrollo.grupomedios.com\/futbol\/wp-json\/wp\/v2\/categories?post=413276"},{"taxonomy":"post_tag","embeddable":true,"href":"http:\/\/desarrollo.grupomedios.com\/futbol\/wp-json\/wp\/v2\/tags?post=413276"}],"curies":[{"name":"wp","href":"https:\/\/api.w.org\/{rel}","templated":true}]}}