{"id":413280,"date":"2016-07-26T12:48:53","date_gmt":"2016-07-26T17:48:53","guid":{"rendered":"http:\/\/www.futboltotal.com.mx\/?p=413280"},"modified":"2016-07-26T15:05:11","modified_gmt":"2016-07-26T20:05:11","slug":"agenda-la-semana-del-26-al-31-julio","status":"publish","type":"post","link":"http:\/\/desarrollo.grupomedios.com\/futbol\/destacado-home\/agenda-la-semana-del-26-al-31-julio\/2016\/07","title":{"rendered":"Partidos de ensue\u00f1o en todo el mundo"},"content":{"rendered":"<p>La \u00faltima semana de julio, tendr\u00e1 mucha actividad futbol\u00edstica a nivel mundial, pues del martes al viernes, habr\u00e1 partidos de la liga local y de copa de M\u00e9xico, pero tambi\u00e9n encuentros internacionales, tanto de clubes como de selecciones.<\/p>\n<p>No s\u00f3lo habr\u00e1 <strong>Copa MX<\/strong>, sino que tambi\u00e9n habr\u00e1 duelo de mexicanos en Europa, cuando el Bayer Leverkusen del Chicharito, se enfrente al Porto de H\u00e9ctor Herrera y compa\u00f1\u00eda, pero adem\u00e1s, se definir\u00e1 al campe\u00f3n de la Copa Libertadores, y hasta el <em>TRI<\/em> Ol\u00edmpico jugar\u00e1 para despedirse de su afici\u00f3n.<\/p>\n<p style=\"text-align: center;\"><span style=\"color: #3366ff;\"><a style=\"color: #3366ff;\" href=\"http:\/\/www.futboltotal.com.mx\/2016\/07\/chicharito-nunca-fue-la-primera-opcion-raul-gutierrez-en-tri-olimpico\/\" target=\"_blank\"><strong>LEER M\u00c1S: Potro habla de gesti\u00f3n por el Chicharito<\/strong><\/a><\/span><\/p>\n<p style=\"text-align: left;\">Por eso a continuaci\u00f3n, compartimos la <strong>Agenda<\/strong> de partidos de la \u00faltima semana de julio, en diferentes partes del mundo.<\/p>\n<p><a href=\"http:\/\/www.futboltotal.com.mx\/wp-content\/uploads\/2016\/07\/agendasemav1_opt.jpg\"><img decoding=\"async\" loading=\"lazy\" class=\"size-full wp-image-413281 aligncenter\" src=\"http:\/\/www.futboltotal.com.mx\/wp-content\/uploads\/2016\/07\/agendasemav1_opt.jpg\" alt=\"agendasemav1_opt\" srcset=\"http:\/\/desarrollo.grupomedios.com\/futbol\/wp-content\/uploads\/2016\/07\/agendasemav1_opt.jpg 700w, http:\/\/desarrollo.grupomedios.com\/futbol\/wp-content\/uploads\/2016\/07\/agendasemav1_opt-239x300.jpg 239w\" sizes=\"(max-width: 700px) 100vw, 700px\" \/><\/a><\/p>\n<p><span style=\"color: #ff0000;\">VIDEO: Gu\u00eda de supervivencia de la jornada 2 de la Copa MX<\/span><\/p>\n<p>[video_player]https:\/\/player.vimeo.com\/external\/176327619.hd.mp4?s=3732691205b1d373d8fd1fb5b48deb09815f07eb&amp;profile_id=174[\/video_player]<\/p>\n","protected":false},"excerpt":{"rendered":"<p>La \u00faltima semana de julio tiene agenda interesante<\/p>\n","protected":false},"author":20,"featured_media":413284,"comment_status":"closed","ping_status":"closed","sticky":false,"template":"","format":"standard","meta":[],"categories":[4247,5,3839,2198,3844,3846,3845,3847],"tags":[6873,1396,285,64,142],"_links":{"self":[{"href":"http:\/\/desarrollo.grupomedios.com\/futbol\/wp-json\/wp\/v2\/posts\/413280"}],"collection":[{"href":"http:\/\/desarrollo.grupomedios.com\/futbol\/wp-json\/wp\/v2\/posts"}],"about":[{"href":"http:\/\/desarrollo.grupomedios.com\/futbol\/wp-json\/wp\/v2\/types\/post"}],"author":[{"embeddable":true,"href":"http:\/\/desarrollo.grupomedios.com\/futbol\/wp-json\/wp\/v2\/users\/20"}],"replies":[{"embeddable":true,"href":"http:\/\/desarrollo.grupomedios.com\/futbol\/wp-json\/wp\/v2\/comments?post=413280"}],"version-history":[{"count":0,"href":"http:\/\/desarrollo.grupomedios.com\/futbol\/wp-json\/wp\/v2\/posts\/413280\/revisions"}],"wp:featuredmedia":[{"embeddable":true,"href":"http:\/\/desarrollo.grupomedios.com\/futbol\/wp-json\/wp\/v2\/media\/413284"}],"wp:attachment":[{"href":"http:\/\/desarrollo.grupomedios.com\/futbol\/wp-json\/wp\/v2\/media?parent=413280"}],"wp:term":[{"taxonomy":"category","embeddable":true,"href":"http:\/\/desarrollo.grupomedios.com\/futbol\/wp-json\/wp\/v2\/categories?post=413280"},{"taxonomy":"post_tag","embeddable":true,"href":"http:\/\/desarrollo.grupomedios.com\/futbol\/wp-json\/wp\/v2\/tags?post=413280"}],"curies":[{"name":"wp","href":"https:\/\/api.w.org\/{rel}","templated":true}]}}