{"id":413319,"date":"2016-07-26T16:51:58","date_gmt":"2016-07-26T21:51:58","guid":{"rendered":"http:\/\/www.futboltotal.com.mx\/?p=413319"},"modified":"2016-07-26T17:01:13","modified_gmt":"2016-07-26T22:01:13","slug":"brasil-presenta-uniforme-los-juegos-olimpicos","status":"publish","type":"post","link":"http:\/\/desarrollo.grupomedios.com\/futbol\/futbol-internacional\/brasil-presenta-uniforme-los-juegos-olimpicos\/2016\/07","title":{"rendered":"Filtran camiseta de Brasil para JO"},"content":{"rendered":"<p>La Selecci\u00f3n de <strong>Brasil<\/strong> est\u00e1 m\u00e1s que lista para el comienzo de los<strong> Juegos Ol\u00edmpicos de R\u00edo 2016<\/strong>, donde buscar\u00e1n obtener por primera vez la medalla de oro en una justa de esa clase.<\/p>\n<p>El uniforme de la <em>Canarinha,\u00a0<\/em>con el que buscar\u00e1n ganar el torneo de futbol masculino <strong>Neymar<\/strong> y compa\u00f1\u00eda, ha sido filtrado a unos d\u00edas de que comience el evento. Con el tradicional color amarillo y la azul que es de visitante,<strong> Brasil<\/strong> presenta un uniforme limpio y elegante con el escudo del comite ol\u00edmpico brasile\u00f1o que participar\u00e1 en R\u00edo 2016.<\/p>\n<p style=\"text-align: center;\"><span style=\"color: #3366ff;\">LEER M\u00c1S:\u00a0<a style=\"color: #3366ff;\" href=\"http:\/\/www.futboltotal.com.mx\/2016\/07\/aubameyang-dispuesto-a-dejar-el-dortmund\/\">AUBAMEYANG, DISPUESTO A DEJAR EL DORTMUND<\/a><\/span><\/p>\n<p><img decoding=\"async\" loading=\"lazy\" class=\"alignnone size-full wp-image-413325\" src=\"http:\/\/www.futboltotal.com.mx\/wp-content\/uploads\/2016\/07\/brasil-uniforme-nuevo.jpg\" alt=\"brasil-uniforme-nuevo\" srcset=\"http:\/\/desarrollo.grupomedios.com\/futbol\/wp-content\/uploads\/2016\/07\/brasil-uniforme-nuevo.jpg 858w, http:\/\/desarrollo.grupomedios.com\/futbol\/wp-content\/uploads\/2016\/07\/brasil-uniforme-nuevo-300x151.jpg 300w, http:\/\/desarrollo.grupomedios.com\/futbol\/wp-content\/uploads\/2016\/07\/brasil-uniforme-nuevo-768x386.jpg 768w, http:\/\/desarrollo.grupomedios.com\/futbol\/wp-content\/uploads\/2016\/07\/brasil-uniforme-nuevo-340x171.jpg 340w\" sizes=\"(max-width: 858px) 100vw, 858px\" \/><\/p>\n<p style=\"text-align: center;\"><a href=\"http:\/\/www.futboltotal.com.mx\/2016\/07\/higuain-fichaje-record\/\">LEER M\u00c1S: \u00a1Higua\u00edn, a la lista de fichajes r\u00e9cord!<\/a><\/p>\n<blockquote class=\"twitter-tweet\" data-lang=\"es\">\n<p dir=\"ltr\" lang=\"es\">7 a\u00f1os pasaron r\u00e1pido, \u00a1imagina 10 d\u00edas! <a href=\"https:\/\/twitter.com\/hashtag\/Faltan10D%C3%ADas?src=hash\">#Faltan10D\u00edas<\/a> <a href=\"https:\/\/twitter.com\/juegosolimpicos\">@juegosolimpicos<\/a> <a href=\"https:\/\/twitter.com\/hashtag\/Rio2016?src=hash\">#Rio2016<\/a> <a href=\"https:\/\/t.co\/zp5y3ceoyO\">pic.twitter.com\/zp5y3ceoyO<\/a><\/p>\n<p>\u2014 Rio 2016 (@rio2016_es) <a href=\"https:\/\/twitter.com\/rio2016_es\/status\/757971022570201092\">26 de julio de 2016<\/a><\/p><\/blockquote>\n<p><script src=\"\/\/platform.twitter.com\/widgets.js\" async=\"\" charset=\"utf-8\"><\/script><\/p>\n","protected":false},"excerpt":{"rendered":"<p>Brasil, anfitri\u00f3n de la justa, buscar\u00e1 ganar el oro por primera vez<\/p>\n","protected":false},"author":20,"featured_media":413326,"comment_status":"closed","ping_status":"closed","sticky":false,"template":"","format":"standard","meta":[],"categories":[3839,7186,7182,5951],"tags":[6009,6214,5664],"_links":{"self":[{"href":"http:\/\/desarrollo.grupomedios.com\/futbol\/wp-json\/wp\/v2\/posts\/413319"}],"collection":[{"href":"http:\/\/desarrollo.grupomedios.com\/futbol\/wp-json\/wp\/v2\/posts"}],"about":[{"href":"http:\/\/desarrollo.grupomedios.com\/futbol\/wp-json\/wp\/v2\/types\/post"}],"author":[{"embeddable":true,"href":"http:\/\/desarrollo.grupomedios.com\/futbol\/wp-json\/wp\/v2\/users\/20"}],"replies":[{"embeddable":true,"href":"http:\/\/desarrollo.grupomedios.com\/futbol\/wp-json\/wp\/v2\/comments?post=413319"}],"version-history":[{"count":0,"href":"http:\/\/desarrollo.grupomedios.com\/futbol\/wp-json\/wp\/v2\/posts\/413319\/revisions"}],"wp:featuredmedia":[{"embeddable":true,"href":"http:\/\/desarrollo.grupomedios.com\/futbol\/wp-json\/wp\/v2\/media\/413326"}],"wp:attachment":[{"href":"http:\/\/desarrollo.grupomedios.com\/futbol\/wp-json\/wp\/v2\/media?parent=413319"}],"wp:term":[{"taxonomy":"category","embeddable":true,"href":"http:\/\/desarrollo.grupomedios.com\/futbol\/wp-json\/wp\/v2\/categories?post=413319"},{"taxonomy":"post_tag","embeddable":true,"href":"http:\/\/desarrollo.grupomedios.com\/futbol\/wp-json\/wp\/v2\/tags?post=413319"}],"curies":[{"name":"wp","href":"https:\/\/api.w.org\/{rel}","templated":true}]}}