{"id":413329,"date":"2016-07-26T17:09:29","date_gmt":"2016-07-26T22:09:29","guid":{"rendered":"http:\/\/www.futboltotal.com.mx\/?p=413329"},"modified":"2016-07-26T17:10:47","modified_gmt":"2016-07-26T22:10:47","slug":"andres-guardado-del-regate-a-la-conquista-eindhoven","status":"publish","type":"post","link":"http:\/\/desarrollo.grupomedios.com\/futbol\/futbol-mexicano\/andres-guardado-del-regate-a-la-conquista-eindhoven\/2016\/07","title":{"rendered":"Andr\u00e9s Guardado, del regate a la conquista de Eindhoven"},"content":{"rendered":"<p><strong>Andr\u00e9s Guardado<\/strong> sorprendi\u00f3 a todos en 2005, cuando Daniel Guzm\u00e1n lo debut\u00f3 en la Primera Divisi\u00f3n del futbol mexicano, con la escuadra de la Academia. La afici\u00f3n y especialistas en el deporte se asombraron con sus habilidades, incluyendo Ricardo La Volpe, quien no dud\u00f3 en llamarlo al<em> TRI<\/em> y lo llev\u00f3 a su primer Mundial, tan solo un a\u00f1o despu\u00e9s de iniciado su camino como profesional.<\/p>\n<p><a href=\"http:\/\/www.futboltotal.com.mx\/wp-content\/uploads\/2016\/07\/guardadodesfronterizate_opt.jpg\"><img decoding=\"async\" loading=\"lazy\" class=\"alignnone size-full wp-image-413331\" src=\"http:\/\/www.futboltotal.com.mx\/wp-content\/uploads\/2016\/07\/guardadodesfronterizate_opt.jpg\" alt=\"guardadodesfronterizate_opt\" srcset=\"http:\/\/desarrollo.grupomedios.com\/futbol\/wp-content\/uploads\/2016\/07\/guardadodesfronterizate_opt.jpg 800w, http:\/\/desarrollo.grupomedios.com\/futbol\/wp-content\/uploads\/2016\/07\/guardadodesfronterizate_opt-249x300.jpg 249w, http:\/\/desarrollo.grupomedios.com\/futbol\/wp-content\/uploads\/2016\/07\/guardadodesfronterizate_opt-768x924.jpg 768w\" sizes=\"(max-width: 800px) 100vw, 800px\" \/><\/a><\/p>\n<p style=\"text-align: center;\"><span style=\"color: #3366ff;\"><a style=\"color: #3366ff;\" href=\"http:\/\/www.futboltotal.com.mx\/2015\/07\/chicharito-delantero-rompe-barreras\/\" target=\"_blank\"><strong>LEER M\u00c1S: Javier Hern\u00e1ndez, el delantero que rompe barreras<\/strong><\/a><\/span><\/p>\n<p>En Alemania 2006 fue la gran sorpresa, con tan s\u00f3lo un partido disputado, pues frente a Argentina demostr\u00f3 toda su calidad, lo que le vali\u00f3 salir de M\u00e9xico al a\u00f1o siguiente, para enfilarse en el futbol de Espa\u00f1a, donde permanece por varios a\u00f1os.<\/p>\n<p><strong>Andr\u00e9s Guardado<\/strong> emigra a Alemania en 2014 para jugar en el actual club de Javier <em>el Chicharito<\/em> Hern\u00e1ndez, donde no tiene mucho \u00e9xito, pero gracias a su buena participaci\u00f3n en el Mundial de Brasil, de ese mismo a\u00f1o, es fichado por el PSV, con quien tiene un par de temporadas magn\u00edficas, y eso lo hace convertirse en el segundo capit\u00e1n de la <a href=\"http:\/\/www.futboltotal.com.mx\/futbol-mexicano\/seleccion-mexicana\/\" target=\"_blank\"><strong>Selecci\u00f3n Mexicana<\/strong><\/a>.<\/p>\n<p>[video_player]https:\/\/player.vimeo.com\/external\/176376938.hd.mp4?s=ae2a85523ae4df6ba95f9b7618ba470e2bed9fa6&amp;profile_id=174[\/video_player]<\/p>\n","protected":false},"excerpt":{"rendered":"<p>El camino profesional del Principito<\/p>\n","protected":false},"author":20,"featured_media":413333,"comment_status":"closed","ping_status":"closed","sticky":false,"template":"","format":"standard","meta":[],"categories":[3839,2198,6822,3844,3845,6718],"tags":[6046],"_links":{"self":[{"href":"http:\/\/desarrollo.grupomedios.com\/futbol\/wp-json\/wp\/v2\/posts\/413329"}],"collection":[{"href":"http:\/\/desarrollo.grupomedios.com\/futbol\/wp-json\/wp\/v2\/posts"}],"about":[{"href":"http:\/\/desarrollo.grupomedios.com\/futbol\/wp-json\/wp\/v2\/types\/post"}],"author":[{"embeddable":true,"href":"http:\/\/desarrollo.grupomedios.com\/futbol\/wp-json\/wp\/v2\/users\/20"}],"replies":[{"embeddable":true,"href":"http:\/\/desarrollo.grupomedios.com\/futbol\/wp-json\/wp\/v2\/comments?post=413329"}],"version-history":[{"count":0,"href":"http:\/\/desarrollo.grupomedios.com\/futbol\/wp-json\/wp\/v2\/posts\/413329\/revisions"}],"wp:featuredmedia":[{"embeddable":true,"href":"http:\/\/desarrollo.grupomedios.com\/futbol\/wp-json\/wp\/v2\/media\/413333"}],"wp:attachment":[{"href":"http:\/\/desarrollo.grupomedios.com\/futbol\/wp-json\/wp\/v2\/media?parent=413329"}],"wp:term":[{"taxonomy":"category","embeddable":true,"href":"http:\/\/desarrollo.grupomedios.com\/futbol\/wp-json\/wp\/v2\/categories?post=413329"},{"taxonomy":"post_tag","embeddable":true,"href":"http:\/\/desarrollo.grupomedios.com\/futbol\/wp-json\/wp\/v2\/tags?post=413329"}],"curies":[{"name":"wp","href":"https:\/\/api.w.org\/{rel}","templated":true}]}}