{"id":413330,"date":"2016-07-26T17:08:45","date_gmt":"2016-07-26T22:08:45","guid":{"rendered":"http:\/\/www.futboltotal.com.mx\/?p=413330"},"modified":"2016-07-26T17:53:35","modified_gmt":"2016-07-26T22:53:35","slug":"joffre-guerron-acepta-consecuencias-en-cruz-azul","status":"publish","type":"post","link":"http:\/\/desarrollo.grupomedios.com\/futbol\/destacado-home\/joffre-guerron-acepta-consecuencias-en-cruz-azul\/2016\/07","title":{"rendered":"Guerr\u00f3n pide confianza en Cruz Azul"},"content":{"rendered":"<p>Luego de que el pasado s\u00e1bado en el partido contra <strong>Cruz Azul<\/strong> el delantero <strong>Joffre Guerr\u00f3n<\/strong> fuera <a href=\"http:\/\/www.futboltotal.com.mx\/2016\/07\/terrible-falla-guerron-cruz-azul\/\" target=\"_blank\">abucheado por la afici\u00f3n tras las fallas <\/a>contra los <span style=\"color: #ff0000;\"><a style=\"color: #ff0000;\" href=\"http:\/\/www.futboltotal.com.mx\/equipos\/unam\/\">Pumas de la UNAM<\/a><\/span>, el jugador ecuatoriano ha aceptado los reclamos de los fan\u00e1ticos\u00a0<em>celestes.<\/em><\/p>\n<blockquote><p>\u201cEs normal, yo trato de hacer mi trabajo, de dar todo, vine aqu\u00ed para sumar.\u00a0Estoy tranquilo, con confianza en mis compa\u00f1eros y de a poco saldr\u00e1n las cosas y todos estar\u00e1n alegres\u201d, coment\u00f3.<\/p><\/blockquote>\n<p><iframe loading=\"lazy\" src=\"https:\/\/www.youtube.com\/embed\/QyCH2Ti9r0Y?feature=oembed\" frameborder=\"0\" allowfullscreen><\/iframe><\/p>\n<p style=\"text-align: center;\"><span style=\"color: #3366ff;\">LEER M\u00c1S:\u00a0<a style=\"color: #3366ff;\" href=\"http:\/\/www.futboltotal.com.mx\/2016\/07\/oribe-peralta-se-va-al-tri-hat-trick\/\">Oribe Peralta se va al TRI con Hat-Trick<\/a><\/span><\/p>\n<p>Adem\u00e1s, el jugador de la\u00a0<em>M\u00e1quina\u00a0<\/em>dijo que es entendible que la afici\u00f3n se moleste, pues est\u00e1 en todo su derecho de reclamar porque pagan por una entrada al estadio.<\/p>\n<blockquote><p>\u201cA todos nos molesta no ganar, la afici\u00f3n tiene raz\u00f3n en enojarse, pagan su entrada para ver al equipo ganar, pero hay que entender que no todos los partidos los vamos a ganar. La gente est\u00e1 ansiosa, quiere que haga goles, que el equipo gane, pero esto es as\u00ed.\u00a0Paciencia, l\u00f3gicamente que deben de tener, sino \u00bfde qu\u00e9 se trata esto? Deben de tener confianza, estamos tratando de sacar la situaci\u00f3n adelante\u201d, explic\u00f3 el delantero en conferencia de prensa.<\/p><\/blockquote>\n<p>Los malos partidos no han sido solo en el reci\u00e9n inicio de la temporada para <strong>Guerr\u00f3n<\/strong>, pues desde el pasado torneo de Clausura 2016 con <strong>Cruz Azul<\/strong> ha tenido malos juegos y pocos goles, aunque conf\u00eda en que va a tener su revancha. \u201cTodo vendr\u00e1 en su momento, trato de hacer mi trabajo, si hiciera el gol fuera el mejor, pero no es as\u00ed y hay que pensar en sumar y despu\u00e9s los goles caen solos\u201d.<\/p>\n<p style=\"text-align: center;\"><span style=\"color: #3366ff;\">LEER M\u00c1S:\u00a0<a style=\"color: #3366ff;\" href=\"http:\/\/www.futboltotal.com.mx\/2016\/07\/oscar-washington-tabarez-critico-a-la-liga-mx\/\">T\u00e9cnico de Uruguay critic\u00f3 a la Liga MX<\/a><\/span><\/p>\n","protected":false},"excerpt":{"rendered":"<p>El ecuatoriano se lament\u00f3 por sus fallas ante Pumas<\/p>\n","protected":false},"author":20,"featured_media":413336,"comment_status":"closed","ping_status":"closed","sticky":false,"template":"","format":"standard","meta":[],"categories":[5,2198,3845],"tags":[5962,64],"_links":{"self":[{"href":"http:\/\/desarrollo.grupomedios.com\/futbol\/wp-json\/wp\/v2\/posts\/413330"}],"collection":[{"href":"http:\/\/desarrollo.grupomedios.com\/futbol\/wp-json\/wp\/v2\/posts"}],"about":[{"href":"http:\/\/desarrollo.grupomedios.com\/futbol\/wp-json\/wp\/v2\/types\/post"}],"author":[{"embeddable":true,"href":"http:\/\/desarrollo.grupomedios.com\/futbol\/wp-json\/wp\/v2\/users\/20"}],"replies":[{"embeddable":true,"href":"http:\/\/desarrollo.grupomedios.com\/futbol\/wp-json\/wp\/v2\/comments?post=413330"}],"version-history":[{"count":0,"href":"http:\/\/desarrollo.grupomedios.com\/futbol\/wp-json\/wp\/v2\/posts\/413330\/revisions"}],"wp:featuredmedia":[{"embeddable":true,"href":"http:\/\/desarrollo.grupomedios.com\/futbol\/wp-json\/wp\/v2\/media\/413336"}],"wp:attachment":[{"href":"http:\/\/desarrollo.grupomedios.com\/futbol\/wp-json\/wp\/v2\/media?parent=413330"}],"wp:term":[{"taxonomy":"category","embeddable":true,"href":"http:\/\/desarrollo.grupomedios.com\/futbol\/wp-json\/wp\/v2\/categories?post=413330"},{"taxonomy":"post_tag","embeddable":true,"href":"http:\/\/desarrollo.grupomedios.com\/futbol\/wp-json\/wp\/v2\/tags?post=413330"}],"curies":[{"name":"wp","href":"https:\/\/api.w.org\/{rel}","templated":true}]}}