{"id":413562,"date":"2016-07-27T15:25:13","date_gmt":"2016-07-27T20:25:13","guid":{"rendered":"http:\/\/www.futboltotal.com.mx\/?p=413562"},"modified":"2016-07-27T15:25:29","modified_gmt":"2016-07-27T20:25:29","slug":"chicharito-anota-en-pretemporada-del-leverkusen","status":"publish","type":"post","link":"http:\/\/desarrollo.grupomedios.com\/futbol\/destacado-home\/chicharito-anota-en-pretemporada-del-leverkusen\/2016\/07","title":{"rendered":"\u00a1Chicharito anota en pretemporada del Leverkusen!"},"content":{"rendered":"<p>En el partido que disputaron <strong>Bayer Leverkusen<\/strong> y el <strong>Porto<\/strong>, donde tambi\u00e9n se dio un duelo entre mexicanos, el delantero de las <em>aspirinas<\/em>,<strong> Javier Hern\u00e1ndez<\/strong>, marc\u00f3 el gol del empate para el conjunto alem\u00e1n.<\/p>\n<p>En el primer tiempo, <strong>Chicharito<\/strong> ya hab\u00eda tenido una oportunidad de anotar cuando recibi\u00f3 un centro de Kevin Volland y el mexicano no se acomod\u00f3 para rematar y abanic\u00f3 el bal\u00f3n. Al minuto 58 del segundo tiempo, el mismo Volland hizo una pared con el mexicano y <strong>Chicharito<\/strong> termin\u00f3 por picar el bal\u00f3n por encima de la salida del portero Jos\u00e9 S\u00e1.<\/p>\n<p style=\"text-align: center;\"><span style=\"color: #3366ff;\">LEER M\u00c1S:\u00a0<a style=\"color: #3366ff;\" href=\"http:\/\/www.futboltotal.com.mx\/2016\/07\/bielsa-rechaza-dirigir-a-la-seleccion-argentina\/\">\u00a1BIELSA RECHAZA DIRIGIR ARGENTINA!<\/a><\/span><\/p>\n<p><iframe loading=\"lazy\" src=\"https:\/\/www.youtube.com\/embed\/a-heXPQzgus?feature=oembed\" frameborder=\"0\" allowfullscreen><\/iframe><\/p>\n<p>Adem\u00e1s de <strong>Chicharito<\/strong>, los otros mexicanos que tuvieron participaci\u00f3n fueron Miguel Lay\u00fan, H\u00e9ctor Herrera, Jes\u00fas Manuel Corona y Diego Reyes, que ingres\u00f3 en los minutos finales en la defensa de los\u00a0<em>Dragones.<\/em><\/p>\n<p><img decoding=\"async\" loading=\"lazy\" class=\"alignnone size-full wp-image-413568\" src=\"http:\/\/www.futboltotal.com.mx\/wp-content\/uploads\/2016\/07\/Herrera-Leverkusen-Porto.jpg\" alt=\"Herrera-Leverkusen-Porto\" srcset=\"http:\/\/desarrollo.grupomedios.com\/futbol\/wp-content\/uploads\/2016\/07\/Herrera-Leverkusen-Porto.jpg 858w, http:\/\/desarrollo.grupomedios.com\/futbol\/wp-content\/uploads\/2016\/07\/Herrera-Leverkusen-Porto-300x151.jpg 300w, http:\/\/desarrollo.grupomedios.com\/futbol\/wp-content\/uploads\/2016\/07\/Herrera-Leverkusen-Porto-768x386.jpg 768w, http:\/\/desarrollo.grupomedios.com\/futbol\/wp-content\/uploads\/2016\/07\/Herrera-Leverkusen-Porto-340x171.jpg 340w\" sizes=\"(max-width: 858px) 100vw, 858px\" \/><\/p>\n<p>El lateral izquierdo de la Selecci\u00f3n Mexicana, Miguel Lay\u00fan, fue quien m\u00e1s disput\u00f3 minutos en la cancha, pues primero comenz\u00f3 por su banda natural y en el segundo tiempo el t\u00e9cnico Nuno Espirito Santo lo utiliz\u00f3 como un volante.<\/p>\n<p><img decoding=\"async\" loading=\"lazy\" class=\"alignnone size-full wp-image-413559\" src=\"http:\/\/www.futboltotal.com.mx\/wp-content\/uploads\/2016\/07\/minuto.jpg\" alt=\"minuto\" srcset=\"http:\/\/desarrollo.grupomedios.com\/futbol\/wp-content\/uploads\/2016\/07\/minuto.jpg 858w, http:\/\/desarrollo.grupomedios.com\/futbol\/wp-content\/uploads\/2016\/07\/minuto-300x151.jpg 300w, http:\/\/desarrollo.grupomedios.com\/futbol\/wp-content\/uploads\/2016\/07\/minuto-768x386.jpg 768w, http:\/\/desarrollo.grupomedios.com\/futbol\/wp-content\/uploads\/2016\/07\/minuto-340x171.jpg 340w\" sizes=\"(max-width: 858px) 100vw, 858px\" \/><\/p>\n<p>Otro de los que tuvo una destacada actuaci\u00f3n fue\u00a0<em>Tecatito\u00a0<\/em>Corona, quien sobresali\u00f3 en los primeros minutos del partido por su velocidad y los dribles que hac\u00eda por la banda de Julian Brandt, aunque poco a poco se fue apagando hasta terminar el primer tiempo.<\/p>\n<p><img decoding=\"async\" loading=\"lazy\" class=\"alignnone size-full wp-image-413575\" src=\"http:\/\/www.futboltotal.com.mx\/wp-content\/uploads\/2016\/07\/Tecatito-1.jpg\" alt=\"Tecatito\" srcset=\"http:\/\/desarrollo.grupomedios.com\/futbol\/wp-content\/uploads\/2016\/07\/Tecatito-1.jpg 858w, http:\/\/desarrollo.grupomedios.com\/futbol\/wp-content\/uploads\/2016\/07\/Tecatito-1-300x151.jpg 300w, http:\/\/desarrollo.grupomedios.com\/futbol\/wp-content\/uploads\/2016\/07\/Tecatito-1-768x386.jpg 768w, http:\/\/desarrollo.grupomedios.com\/futbol\/wp-content\/uploads\/2016\/07\/Tecatito-1-340x171.jpg 340w\" sizes=\"(max-width: 858px) 100vw, 858px\" \/><\/p>\n<p>Por parte del <strong>Porto<\/strong>, el autor del gol fue Andr\u00e9 Silva, que aprovech\u00f3 un pase del espa\u00f1ol Alberto Bueno en un error de la defensa y defini\u00f3 ante la salida del portero.<\/p>\n<p style=\"text-align: center;\"><span style=\"color: #3366ff;\">LEER M\u00c1S:\u00a0<a style=\"color: #3366ff;\" href=\"http:\/\/www.futboltotal.com.mx\/2016\/07\/ochoa-presentando-granada\/\">Ochoa espera continuidad en el Granada<\/a><\/span><\/p>\n","protected":false},"excerpt":{"rendered":"<p>El mexicano fue autor del gol del empate para el Leverkusen<\/p>\n","protected":false},"author":20,"featured_media":413567,"comment_status":"closed","ping_status":"closed","sticky":false,"template":"","format":"standard","meta":[],"categories":[5,3839,6822,6718],"tags":[4335,549,4545],"_links":{"self":[{"href":"http:\/\/desarrollo.grupomedios.com\/futbol\/wp-json\/wp\/v2\/posts\/413562"}],"collection":[{"href":"http:\/\/desarrollo.grupomedios.com\/futbol\/wp-json\/wp\/v2\/posts"}],"about":[{"href":"http:\/\/desarrollo.grupomedios.com\/futbol\/wp-json\/wp\/v2\/types\/post"}],"author":[{"embeddable":true,"href":"http:\/\/desarrollo.grupomedios.com\/futbol\/wp-json\/wp\/v2\/users\/20"}],"replies":[{"embeddable":true,"href":"http:\/\/desarrollo.grupomedios.com\/futbol\/wp-json\/wp\/v2\/comments?post=413562"}],"version-history":[{"count":0,"href":"http:\/\/desarrollo.grupomedios.com\/futbol\/wp-json\/wp\/v2\/posts\/413562\/revisions"}],"wp:featuredmedia":[{"embeddable":true,"href":"http:\/\/desarrollo.grupomedios.com\/futbol\/wp-json\/wp\/v2\/media\/413567"}],"wp:attachment":[{"href":"http:\/\/desarrollo.grupomedios.com\/futbol\/wp-json\/wp\/v2\/media?parent=413562"}],"wp:term":[{"taxonomy":"category","embeddable":true,"href":"http:\/\/desarrollo.grupomedios.com\/futbol\/wp-json\/wp\/v2\/categories?post=413562"},{"taxonomy":"post_tag","embeddable":true,"href":"http:\/\/desarrollo.grupomedios.com\/futbol\/wp-json\/wp\/v2\/tags?post=413562"}],"curies":[{"name":"wp","href":"https:\/\/api.w.org\/{rel}","templated":true}]}}