{"id":413607,"date":"2016-07-27T15:21:23","date_gmt":"2016-07-27T20:21:23","guid":{"rendered":"http:\/\/www.futboltotal.com.mx\/?p=413607"},"modified":"2016-07-27T16:11:56","modified_gmt":"2016-07-27T21:11:56","slug":"dario-veron-entiende-tacticas-francisco-palencia","status":"publish","type":"post","link":"http:\/\/desarrollo.grupomedios.com\/futbol\/futbol-mexicano\/dario-veron-entiende-tacticas-francisco-palencia\/2016\/07","title":{"rendered":"Ver\u00f3n y Palencia no est\u00e1n en sinton\u00eda"},"content":{"rendered":"<p>Pese a llevar cuatro puntos de seis posibles, en <a href=\"http:\/\/www.futboltotal.com.mx\/equipos\/unam\/\" target=\"_blank\"><strong>Pumas<\/strong> <\/a>no hay comuni\u00f3n entre los miembros del equipo, o al menos as\u00ed lo dan a entender diversos medios nacionales, quienes destacan que el defensa <strong>Dar\u00edo Ver\u00f3n<\/strong> y el director t\u00e9cnico, <strong>Francisco Palencia<\/strong> no est\u00e1n en el mismo canal.<\/p>\n<p>Todo habr\u00eda empezado en la jornada 1 del Apertura 2016, cuando <strong>Francisco Palencia<\/strong> rega\u00f1\u00f3 a <strong>Dar\u00edo Ver\u00f3n<\/strong> por no brincar la l\u00ednea en una jugada, en vez de salir jugando; los problemas se acentuaron en el encuentro ante Cruz Azul, donde el estratega quer\u00eda replegar las filas, pero el <em>Hechicero<\/em> cre\u00eda pertinente presionar al rival.<\/p>\n<p style=\"text-align: center;\"><span style=\"color: #3366ff;\"><a style=\"color: #3366ff;\" href=\"http:\/\/www.futboltotal.com.mx\/2016\/07\/lo-espera-pumas-en-apertura-2016\/\" target=\"_blank\"><strong>LEER M\u00c1S: Pumas busca ser el Caballo Negro<\/strong><\/a><\/span><\/p>\n<p>Eso fue destacado en redes sociales, donde se public\u00f3 un video, en el cual se destaca c\u00f3mo <strong>Dar\u00edo Ver\u00f3n<\/strong> pisa en dos ocasiones el bal\u00f3n y pone los brazos en la cadera, en se\u00f1al de desaprobaci\u00f3n, a la idea del director t\u00e9cnico de <strong>Pumas<\/strong>.<\/p>\n<blockquote class=\"twitter-tweet\" data-lang=\"es\">\n<p dir=\"ltr\" lang=\"es\">En el juego entre Cruz Azul y Pumas, Ver\u00f3n pis\u00f3 en dos ocasiones el bal\u00f3n ante la poca movilidad de su ofensiva <a href=\"https:\/\/t.co\/YAyOMxPd8U\">pic.twitter.com\/YAyOMxPd8U<\/a><\/p>\n<p>\u2014 Chutinho666 (@chutinho666) <a href=\"https:\/\/twitter.com\/chutinho666\/status\/758152397050908672\">27 de julio de 2016<\/a><\/p><\/blockquote>\n<p><script src=\"\/\/platform.twitter.com\/widgets.js\" async=\"\" charset=\"utf-8\"><\/script><\/p>\n<p>Esa ser\u00eda la raz\u00f3n por la que <strong>Dar\u00edo Ver\u00f3n<\/strong> dej\u00f3 el gafete de capit\u00e1n de <strong>Pumas<\/strong>, al no estar de acuerdo con las ideas t\u00e1cticas de <strong>Francisco Palencia<\/strong>.<\/p>\n<p><span style=\"color: #ff0000;\">VIDEO: Agenda TV |\u00a0Jornada 3 Apertura 2016<\/span><\/p>\n<p>[video_player]https:\/\/player.vimeo.com\/external\/176225837.hd.mp4?s=eabca78ce3ac408b3ee62d41ddd3413cb2398af1&amp;profile_id=174[\/video_player]<\/p>\n","protected":false},"excerpt":{"rendered":"<p>Afirman que el zaguero de Pumas no concuerda con las ideas del DT<\/p>\n","protected":false},"author":20,"featured_media":413610,"comment_status":"closed","ping_status":"closed","sticky":false,"template":"","format":"standard","meta":[],"categories":[2198,3845,5950],"tags":[1328,1449,74],"_links":{"self":[{"href":"http:\/\/desarrollo.grupomedios.com\/futbol\/wp-json\/wp\/v2\/posts\/413607"}],"collection":[{"href":"http:\/\/desarrollo.grupomedios.com\/futbol\/wp-json\/wp\/v2\/posts"}],"about":[{"href":"http:\/\/desarrollo.grupomedios.com\/futbol\/wp-json\/wp\/v2\/types\/post"}],"author":[{"embeddable":true,"href":"http:\/\/desarrollo.grupomedios.com\/futbol\/wp-json\/wp\/v2\/users\/20"}],"replies":[{"embeddable":true,"href":"http:\/\/desarrollo.grupomedios.com\/futbol\/wp-json\/wp\/v2\/comments?post=413607"}],"version-history":[{"count":0,"href":"http:\/\/desarrollo.grupomedios.com\/futbol\/wp-json\/wp\/v2\/posts\/413607\/revisions"}],"wp:featuredmedia":[{"embeddable":true,"href":"http:\/\/desarrollo.grupomedios.com\/futbol\/wp-json\/wp\/v2\/media\/413610"}],"wp:attachment":[{"href":"http:\/\/desarrollo.grupomedios.com\/futbol\/wp-json\/wp\/v2\/media?parent=413607"}],"wp:term":[{"taxonomy":"category","embeddable":true,"href":"http:\/\/desarrollo.grupomedios.com\/futbol\/wp-json\/wp\/v2\/categories?post=413607"},{"taxonomy":"post_tag","embeddable":true,"href":"http:\/\/desarrollo.grupomedios.com\/futbol\/wp-json\/wp\/v2\/tags?post=413607"}],"curies":[{"name":"wp","href":"https:\/\/api.w.org\/{rel}","templated":true}]}}