{"id":413675,"date":"2016-07-27T17:36:43","date_gmt":"2016-07-27T22:36:43","guid":{"rendered":"http:\/\/www.futboltotal.com.mx\/?p=413675"},"modified":"2016-07-27T17:38:03","modified_gmt":"2016-07-27T22:38:03","slug":"los-ultimos-fichajes-del-real-madrid","status":"publish","type":"post","link":"http:\/\/desarrollo.grupomedios.com\/futbol\/destacado-home\/los-ultimos-fichajes-del-real-madrid\/2016\/07","title":{"rendered":"Fichajes brillan por su ausencia en el Real Madrid"},"content":{"rendered":"<p>El <span style=\"color: #ff0000;\"><a style=\"color: #ff0000;\" href=\"http:\/\/www.futboltotal.com.mx\/2016\/07\/mercado-fichajes-en-europa\/\" target=\"_blank\">mercado de fichajes en Europa<\/a><\/span> est\u00e1 en movimiento desde hace varios meses y los clubes se siguen haciendo de jugadores de cara a la temporada 2016-17, donde buscar\u00e1n lograr sus objetivos planteados al principio de campa\u00f1a. Equipos como el Manchester United, Barcelona, Bayern M\u00fanich y Chelsea ya se han hecho de algunos jugadores, como es cada a\u00f1o.<\/p>\n<p>El que llama la atenci\u00f3n este a\u00f1o es el<strong> Real Madrid<\/strong>, pero esta ocasi\u00f3n es distinta, pues los fichajes en la \u00e9poca de Zinedine Zidane han brillado por su ausencia en comparaci\u00f3n con los \u00faltimos a\u00f1os.<\/p>\n<p style=\"text-align: center;\"><span style=\"color: #3366ff;\">LEER M\u00c1S:\u00a0<a style=\"color: #3366ff;\" href=\"http:\/\/www.futboltotal.com.mx\/2016\/07\/mercado-fichajes-en-europa\/\">Mercado de fichajes en Europa<\/a><\/span><\/p>\n<p><img decoding=\"async\" loading=\"lazy\" class=\"alignnone size-full wp-image-413676\" src=\"http:\/\/www.futboltotal.com.mx\/wp-content\/uploads\/2016\/07\/fichajes-madrid.jpg\" alt=\"fichajes-madrid\" srcset=\"http:\/\/desarrollo.grupomedios.com\/futbol\/wp-content\/uploads\/2016\/07\/fichajes-madrid.jpg 858w, http:\/\/desarrollo.grupomedios.com\/futbol\/wp-content\/uploads\/2016\/07\/fichajes-madrid-192x300.jpg 192w, http:\/\/desarrollo.grupomedios.com\/futbol\/wp-content\/uploads\/2016\/07\/fichajes-madrid-768x1200.jpg 768w, http:\/\/desarrollo.grupomedios.com\/futbol\/wp-content\/uploads\/2016\/07\/fichajes-madrid-655x1024.jpg 655w\" sizes=\"(max-width: 858px) 100vw, 858px\" \/><\/p>\n<p>A diferencia de los dem\u00e1s entrenadores, desde que Zidane tom\u00f3 las riendas del <strong>Real Madrid<\/strong> a principios de 2016 solo han sonado rumores para el club\u00a0<em>Merengue,\u00a0<\/em>pues en esta ocasi\u00f3n no se ha concretado ning\u00fan fichaje.<\/p>\n<p>El t\u00e9cnico que m\u00e1s fichaje llev\u00f3 al equipo de la\u00a0<em>Casa Blanca\u00a0<\/em>fue Jos\u00e9 Mourinho. El portugu\u00e9s sum\u00f3 15 fichajes en los tres a\u00f1os que estuvo como entrenador del <strong>Madrid<\/strong>, y que nada m\u00e1s le vali\u00f3 el t\u00edtulo de liga.<\/p>\n<p style=\"text-align: center;\"><span style=\"color: #3366ff;\">LEER M\u00c1S:\u00a0<a style=\"color: #3366ff;\" href=\"http:\/\/www.futboltotal.com.mx\/2016\/07\/presidente-del-napoli-llama-traidor-a-higuain\/\">Presidente del Napoli llama TRAIDOR a Higua\u00edn<\/a><\/span><\/p>\n<p>Sin duda los m\u00e1s efectivos y &#8220;atractivos&#8221; fueron los del italiano Carlo Ancelotti, pues con el italiano se dio la llegada del fichaje m\u00e1s caro en la historia: Gareth Bale, adem\u00e1s de jugadores que actualmente son piezas fundamentales como Toni Kroos y Casemiro, este \u00faltimo recomprado en la llegada de Rafael Ben\u00edtez.<\/p>\n<p>El \u00faltimo fichaje de los <em>Merengues\u00a0<\/em>fue Mateo Kovacic y se dio al final del mercado de transferencias del a\u00f1o pasado. \u00bfSer\u00e1 de la misma forma este a\u00f1o o el <strong>Real Madrid<\/strong> de Zinedine Zidane se quedar\u00e1 sin fichar esta temporada?<\/p>\n","protected":false},"excerpt":{"rendered":"<p>El \u00faltimo fichaje del Madrid fue Mateo Kovacic en 2015<\/p>\n","protected":false},"author":129,"featured_media":413690,"comment_status":"closed","ping_status":"closed","sticky":false,"template":"","format":"standard","meta":[],"categories":[5,3839,3844],"tags":[640,5988],"_links":{"self":[{"href":"http:\/\/desarrollo.grupomedios.com\/futbol\/wp-json\/wp\/v2\/posts\/413675"}],"collection":[{"href":"http:\/\/desarrollo.grupomedios.com\/futbol\/wp-json\/wp\/v2\/posts"}],"about":[{"href":"http:\/\/desarrollo.grupomedios.com\/futbol\/wp-json\/wp\/v2\/types\/post"}],"author":[{"embeddable":true,"href":"http:\/\/desarrollo.grupomedios.com\/futbol\/wp-json\/wp\/v2\/users\/129"}],"replies":[{"embeddable":true,"href":"http:\/\/desarrollo.grupomedios.com\/futbol\/wp-json\/wp\/v2\/comments?post=413675"}],"version-history":[{"count":0,"href":"http:\/\/desarrollo.grupomedios.com\/futbol\/wp-json\/wp\/v2\/posts\/413675\/revisions"}],"wp:featuredmedia":[{"embeddable":true,"href":"http:\/\/desarrollo.grupomedios.com\/futbol\/wp-json\/wp\/v2\/media\/413690"}],"wp:attachment":[{"href":"http:\/\/desarrollo.grupomedios.com\/futbol\/wp-json\/wp\/v2\/media?parent=413675"}],"wp:term":[{"taxonomy":"category","embeddable":true,"href":"http:\/\/desarrollo.grupomedios.com\/futbol\/wp-json\/wp\/v2\/categories?post=413675"},{"taxonomy":"post_tag","embeddable":true,"href":"http:\/\/desarrollo.grupomedios.com\/futbol\/wp-json\/wp\/v2\/tags?post=413675"}],"curies":[{"name":"wp","href":"https:\/\/api.w.org\/{rel}","templated":true}]}}