{"id":413683,"date":"2016-07-27T17:36:16","date_gmt":"2016-07-27T22:36:16","guid":{"rendered":"http:\/\/www.futboltotal.com.mx\/?p=413683"},"modified":"2016-07-27T17:36:16","modified_gmt":"2016-07-27T22:36:16","slug":"jose-guadalupe-cruz-quiere-perpetuar-carrera-rafael-marquez","status":"publish","type":"post","link":"http:\/\/desarrollo.grupomedios.com\/futbol\/futbol-mexicano\/jose-guadalupe-cruz-quiere-perpetuar-carrera-rafael-marquez\/2016\/07","title":{"rendered":"Profe Cruz y el plan para perpetuar la carrera de Rafa"},"content":{"rendered":"<p>El director t\u00e9cnico de <a href=\"http:\/\/www.futboltotal.com.mx\/equipos\/atlas\/\" target=\"_blank\"><strong>Atlas<\/strong><\/a>, <strong>Jos\u00e9 Guadalupe Cruz<\/strong>, habl\u00f3 sobre el nivel y experiencia que aporta <strong>Rafael M\u00e1rquez<\/strong> al club, y est\u00e1 seguro, de que el K\u00e1iser puede durar algunos a\u00f1os m\u00e1s en el balompi\u00e9 profesional, todo es cuesti\u00f3n de darle razones para seguir en el deporte.<\/p>\n<p>&#8220;Tuve a Cuauht\u00e9moc Blanco hace no mucho y se retir\u00f3 de 42 a\u00f1os, a <em>Rafa<\/em> lo veo muy bien, no solo es l\u00edder, sino que tambi\u00e9n corre. Depender\u00e1 mucho de sus lesiones, no tiene ning\u00fan problema f\u00edsico, yo lo visualizo jugando m\u00e1s&#8221;, explic\u00f3 el estratega, en charla con la cadena <em>ESPN<\/em>.<\/p>\n<p>Al respecto, <strong>Jos\u00e9 Guadalupe Cruz<\/strong> comparte el secreto con el que \u00e9l mantiene a <strong>Rafael M\u00e1rquez<\/strong> contento y con ganas de triunfar con el cuadro rojinegro. El <em>Profe<\/em> se\u00f1ala que hay que demostrarle al jugador que tienes una idea clara de c\u00f3mo jugar, y agrefa que no importa si el <em>K\u00e1iser<\/em> toma decisiones en el grupo, pues tiene las credenciales para hacerlo.<\/p>\n<p style=\"text-align: center;\"><span style=\"color: #3366ff;\"><a style=\"color: #3366ff;\" href=\"http:\/\/www.futboltotal.com.mx\/2016\/06\/calendarios-personalizados-apertura-2016\/\" target=\"_blank\"><strong>LEER M\u00c1S: El calendario de Atlas para el Apertura 2016<\/strong><\/a><\/span><\/p>\n<p>&#8220;Definitivamente este grupo sabe a qu\u00e9 juega. Hay una disciplina t\u00e1ctica y hemos trabajado. Hoy el futbol es equilibrio nadie puede estar sujeto a descaso, Rafa se vuelve sumamente importante por su experiencia, madurez, por los vestidores en los que ha estado, los t\u00e9cnicos que lo han dirigido. Evidentemente yo no soy qui\u00e9n para decirle Rafa no hables porque me restas autoridad&#8217;. Soy un t\u00e9cnico abierto con comunicaci\u00f3n siempre y cuando se d\u00e9 de frente&#8221;, concluy\u00f3 el estratega <em>rojinegro<\/em>.<\/p>\n<p><a href=\"http:\/\/www.futboltotal.com.mx\/wp-content\/uploads\/2016\/07\/frase-profe_opt.jpg\"><img decoding=\"async\" loading=\"lazy\" class=\"alignnone size-full wp-image-413688\" src=\"http:\/\/www.futboltotal.com.mx\/wp-content\/uploads\/2016\/07\/frase-profe_opt.jpg\" alt=\"frase-profe_opt\" srcset=\"http:\/\/desarrollo.grupomedios.com\/futbol\/wp-content\/uploads\/2016\/07\/frase-profe_opt.jpg 858w, http:\/\/desarrollo.grupomedios.com\/futbol\/wp-content\/uploads\/2016\/07\/frase-profe_opt-300x251.jpg 300w, http:\/\/desarrollo.grupomedios.com\/futbol\/wp-content\/uploads\/2016\/07\/frase-profe_opt-768x644.jpg 768w\" sizes=\"(max-width: 858px) 100vw, 858px\" \/><\/a><\/p>\n<p><span style=\"color: #ff0000;\">VIDEO: Agenda TV | Jornada 3 Apertura 2016<\/span><\/p>\n<p>[video_player]https:\/\/player.vimeo.com\/external\/176225837.hd.mp4?s=eabca78ce3ac408b3ee62d41ddd3413cb2398af1&amp;profile_id=174[\/video_player]<\/p>\n","protected":false},"excerpt":{"rendered":"<p>El DT de Atlas explica que hay M\u00e1rquez para rato<\/p>\n","protected":false},"author":20,"featured_media":413689,"comment_status":"closed","ping_status":"closed","sticky":false,"template":"","format":"standard","meta":[],"categories":[2198,3845,5950],"tags":[5961,77,6033],"_links":{"self":[{"href":"http:\/\/desarrollo.grupomedios.com\/futbol\/wp-json\/wp\/v2\/posts\/413683"}],"collection":[{"href":"http:\/\/desarrollo.grupomedios.com\/futbol\/wp-json\/wp\/v2\/posts"}],"about":[{"href":"http:\/\/desarrollo.grupomedios.com\/futbol\/wp-json\/wp\/v2\/types\/post"}],"author":[{"embeddable":true,"href":"http:\/\/desarrollo.grupomedios.com\/futbol\/wp-json\/wp\/v2\/users\/20"}],"replies":[{"embeddable":true,"href":"http:\/\/desarrollo.grupomedios.com\/futbol\/wp-json\/wp\/v2\/comments?post=413683"}],"version-history":[{"count":0,"href":"http:\/\/desarrollo.grupomedios.com\/futbol\/wp-json\/wp\/v2\/posts\/413683\/revisions"}],"wp:featuredmedia":[{"embeddable":true,"href":"http:\/\/desarrollo.grupomedios.com\/futbol\/wp-json\/wp\/v2\/media\/413689"}],"wp:attachment":[{"href":"http:\/\/desarrollo.grupomedios.com\/futbol\/wp-json\/wp\/v2\/media?parent=413683"}],"wp:term":[{"taxonomy":"category","embeddable":true,"href":"http:\/\/desarrollo.grupomedios.com\/futbol\/wp-json\/wp\/v2\/categories?post=413683"},{"taxonomy":"post_tag","embeddable":true,"href":"http:\/\/desarrollo.grupomedios.com\/futbol\/wp-json\/wp\/v2\/tags?post=413683"}],"curies":[{"name":"wp","href":"https:\/\/api.w.org\/{rel}","templated":true}]}}