{"id":413732,"date":"2016-07-27T19:35:43","date_gmt":"2016-07-28T00:35:43","guid":{"rendered":"http:\/\/www.futboltotal.com.mx\/?p=413732"},"modified":"2016-07-27T19:35:43","modified_gmt":"2016-07-28T00:35:43","slug":"isinbayeva-aun-suena-rio-2016","status":"publish","type":"post","link":"http:\/\/desarrollo.grupomedios.com\/futbol\/juegos-olimpicos-2016\/isinbayeva-aun-suena-rio-2016\/2016\/07","title":{"rendered":"Isinb\u00e1yeva a\u00fan sue\u00f1a con R\u00edo 2016"},"content":{"rendered":"<p>La doble campeona ol\u00edmpica de salto con p\u00e9rtiga, <strong>Yelena Isinb\u00e1yeva<\/strong>, no se retirar\u00e1 mientras conserve una &#8220;m\u00edsera&#8221; posibilidad de acudir a los <a href=\"http:\/\/www.futboltotal.com.mx\/juegos-olimpicos-2016\/\" target=\"_blank\"><strong>Juegos Ol\u00edmpicos<\/strong><\/a> de <strong>R\u00edo de Janeiro<\/strong>.<\/p>\n<p>&#8220;Mi \u00e1nimo no es precisamente festivo. No puedo decir lo que he sufrido. Lo asumir\u00e9 cuando lo entienda o alguien me diga: &#8216;Yelena, no vas a ninguna parte'&#8221;, dijo <strong>Isinb\u00e1yeva<\/strong> a la prensa antes de ser recibida por el presidente ruso, Vlad\u00edmir Putin, en el Kremlin.<\/p>\n<p>Agreg\u00f3 que mientras &#8220;conserve una m\u00ednima posibilidad de acudir a R\u00edo, aunque esta sea, por supuesto, m\u00edsera&#8221;, no tomar\u00e1 ninguna decisi\u00f3n sobre su futuro.<\/p>\n<blockquote class=\"twitter-tweet\" data-lang=\"es\">\n<p dir=\"ltr\" lang=\"es\">La respuesta del d\u00eda: Italia gan\u00f3 la medalla de oro en el f\u00fatbol masculino de los Juegos de Berl\u00edn 1936 <a href=\"https:\/\/twitter.com\/hashtag\/RumboaRio?src=hash\">#RumboaRio<\/a> <a href=\"https:\/\/t.co\/aiuqOPeuok\">pic.twitter.com\/aiuqOPeuok<\/a><\/p>\n<p>\u2014 Los Juegos Ol\u00edmpicos (@juegosolimpicos) <a href=\"https:\/\/twitter.com\/juegosolimpicos\/status\/758452845880442880\">28 de julio de 2016<\/a><\/p><\/blockquote>\n<p><script src=\"\/\/platform.twitter.com\/widgets.js\" async=\"\" charset=\"utf-8\"><\/script><\/p>\n<p>&#8220;Incluso si me dejan, ya hace dos semanas que no entreno. Me dedico a estas tonter\u00edas, tribunales y pruebas. Por ahora, no est\u00e1 claro del todo. Si hay esperanza, reanudar\u00e9 mi carrera. \u00bfPero para qu\u00e9? Si apenas queda nada para los Juegos&#8221;, admiti\u00f3.<\/p>\n<p>Su entrenador, Yevgueni Trof\u00edmov, considera que no tiene sentido que la pertiguista, que ten\u00eda la mejor marca del a\u00f1o al aire libre (4,90), contin\u00fae los entrenamientos.<\/p>\n<p>&#8220;Estamos en un callej\u00f3n sin salida. Nos estamos convirtiendo en Corea del Norte, nos han rodeado por todas partes y no podemos hacer nada. Nos ponen condiciones que no se pueden cumplir. No puedo decir qu\u00e9 ocurrir\u00e1 cuando ella vuelva a Volgogrado&#8221;, coment\u00f3.<\/p>\n<blockquote class=\"twitter-tweet\" data-lang=\"es\"><p>\nEsto sucedi\u00f3 hoy hace 4 a\u00f1os. <a href=\"https:\/\/twitter.com\/hashtag\/Londres2012?src=hash\">#Londres2012<\/a> <a href=\"https:\/\/t.co\/7AJRYpft6C\">https:\/\/t.co\/7AJRYpft6C<\/a><\/p>\n<p>\u2014 Los Juegos Ol\u00edmpicos (@juegosolimpicos) <a href=\"https:\/\/twitter.com\/juegosolimpicos\/status\/758384535369240576\">27 de julio de 2016<\/a>\n<\/p><\/blockquote>\n<p><script src=\"\/\/platform.twitter.com\/widgets.js\" async=\"\" charset=\"utf-8\"><\/script><\/p>\n<p>Recientemente, <strong>Isinb\u00e1yeva<\/strong>, que esperaba colgarse su tercer oro tras el bronce en Londres 2012, asegur\u00f3 que, en caso de no poder saltar en sus quintos juegos, no tiene sentido seguir compitiendo y que a sus 34 a\u00f1os elige a su familia.<\/p>\n<p>Durante la ceremonia en el Kremlin, la campeona ol\u00edmpica denunci\u00f3 que a muchos deportistas rusos les hab\u00edan arrebatado &#8220;de manera ruda y descarada&#8221; la oportunidad de competir en los Juegos.<\/p>\n<p>&#8220;Hemos pagado los errores de deportistas menos responsables, deportistas que violaron las reglas y hoy respondemos colectivamente&#8221;, dijo antes de romper a llorar y ser consolada por el propio Putin.<\/p>\n<p>La Federaci\u00f3n Internacional de Atletismo (IAAF) se neg\u00f3 a reconsiderar la decisi\u00f3n de vetar al equipo de atletismo ruso por connivencia con el dopaje en los Juegos de R\u00edo, en respuesta a una carta del ministro de Deportes de Rusia, Vitali Mutk\u00f3.<\/p>\n<p>&#8220;Hoy lleg\u00f3 la respuesta de (el presidente de la IAAF, Sebastian) Coe. Agradece la carta, pero dice que en este caso no hay nada que hacer. Que la decisi\u00f3n adoptada en su momento por la IAAF no puede ser revisada&#8221;, dijo Mutk\u00f3 a la prensa.<\/p>\n<p>&nbsp;<\/p>\n","protected":false},"excerpt":{"rendered":"<p>La rusa no se rinde y quiere asistir a los Juegos Ol\u00edmpicos<\/p>\n","protected":false},"author":144,"featured_media":413735,"comment_status":"closed","ping_status":"closed","sticky":false,"template":"","format":"standard","meta":[],"categories":[7187,7182,7188],"tags":[1911,5664],"_links":{"self":[{"href":"http:\/\/desarrollo.grupomedios.com\/futbol\/wp-json\/wp\/v2\/posts\/413732"}],"collection":[{"href":"http:\/\/desarrollo.grupomedios.com\/futbol\/wp-json\/wp\/v2\/posts"}],"about":[{"href":"http:\/\/desarrollo.grupomedios.com\/futbol\/wp-json\/wp\/v2\/types\/post"}],"author":[{"embeddable":true,"href":"http:\/\/desarrollo.grupomedios.com\/futbol\/wp-json\/wp\/v2\/users\/144"}],"replies":[{"embeddable":true,"href":"http:\/\/desarrollo.grupomedios.com\/futbol\/wp-json\/wp\/v2\/comments?post=413732"}],"version-history":[{"count":0,"href":"http:\/\/desarrollo.grupomedios.com\/futbol\/wp-json\/wp\/v2\/posts\/413732\/revisions"}],"wp:featuredmedia":[{"embeddable":true,"href":"http:\/\/desarrollo.grupomedios.com\/futbol\/wp-json\/wp\/v2\/media\/413735"}],"wp:attachment":[{"href":"http:\/\/desarrollo.grupomedios.com\/futbol\/wp-json\/wp\/v2\/media?parent=413732"}],"wp:term":[{"taxonomy":"category","embeddable":true,"href":"http:\/\/desarrollo.grupomedios.com\/futbol\/wp-json\/wp\/v2\/categories?post=413732"},{"taxonomy":"post_tag","embeddable":true,"href":"http:\/\/desarrollo.grupomedios.com\/futbol\/wp-json\/wp\/v2\/tags?post=413732"}],"curies":[{"name":"wp","href":"https:\/\/api.w.org\/{rel}","templated":true}]}}