{"id":413850,"date":"2016-07-28T09:37:42","date_gmt":"2016-07-28T14:37:42","guid":{"rendered":"http:\/\/www.futboltotal.com.mx\/?p=413850"},"modified":"2016-07-28T09:37:42","modified_gmt":"2016-07-28T14:37:42","slug":"simeone-hablo-despues-la-final-la-champions","status":"publish","type":"post","link":"http:\/\/desarrollo.grupomedios.com\/futbol\/futbol-internacional\/simeone-hablo-despues-la-final-la-champions\/2016\/07","title":{"rendered":"Simeone habl\u00f3 despu\u00e9s de la Final de la Champions"},"content":{"rendered":"<p>El entrenador del<strong> Atl\u00e9tico de Madrid<\/strong>, el argentino <strong>Diego Simeone<\/strong>, compar\u00f3 hoy la Final de la Liga de Campeones del pasado mes de mayo en Mil\u00e1n, en la que cayeron derrotados por el Real Madrid en los penaltis, con &#8220;una muerte&#8221; que necesit\u00f3 un tiempo de &#8220;duelo&#8221;.<\/p>\n<p>&#8220;La derrota de la &#8216;Champions&#8217; para m\u00ed fue como una muerte y toda muerte necesita un tiempo de duelo&#8221;, asegur\u00f3<strong> Simeone<\/strong> en la comparecencia ante los medios previa al encuentro de ma\u00f1ana del torneo amistoso International Champions Cup contra el Tottenham Hotspur ingl\u00e9s.<\/p>\n<blockquote class=\"twitter-tweet\" data-lang=\"es\">\n<p dir=\"ltr\" lang=\"en\">Friends reunited&#8230;<\/p>\n<p>Mauricio catches up with <a href=\"https:\/\/twitter.com\/Atleti\">@Atleti<\/a> boss <a href=\"https:\/\/twitter.com\/Simeone\">@Simeone<\/a> in Melbourne! <a href=\"https:\/\/twitter.com\/hashtag\/SpursInOz?src=hash\">#SpursInOz<\/a> <a href=\"https:\/\/t.co\/ibKs6IoyuL\">pic.twitter.com\/ibKs6IoyuL<\/a><\/p>\n<p>\u2014 Tottenham Hotspur (@SpursOfficial) <a href=\"https:\/\/twitter.com\/SpursOfficial\/status\/758606954021457920\">28 de julio de 2016<\/a><\/p><\/blockquote>\n<p><script src=\"\/\/platform.twitter.com\/widgets.js\" async=\"\" charset=\"utf-8\"><\/script><\/p>\n<p>La Final de la Liga de Campeones y la rueda de prensa posterior a la derrota provoc\u00f3 semanas de especulaci\u00f3n sobre el futuro de <strong>Simeone<\/strong> en el club <em>rojiblanco<\/em>, ya que el entrenador dijo que era &#8220;tiempo para pensar&#8221;, aunque semanas despu\u00e9s confirm\u00f3 que estaba trabajando en la nueva plantilla<em> rojiblanca<\/em> y se incorpor\u00f3 con normalidad al inicio de la pretemporada.<br \/>\n<strong>Simeone<\/strong> asegur\u00f3 que afrontan este encuentro amistoso con el equipo &#8220;bien preparado&#8221; y tienen &#8220;la ilusi\u00f3n de seguir mejorando&#8221;. &#8220;Ahora tenemos cuatro o cinco partidos antes de empezar la temporada y sabemos que en cada partido los futbolistas compiten internamente&#8221;, agreg\u00f3 el entrenador argentino.<\/p>\n<p>Del Tottenham, que lleva m\u00e1s d\u00edas en Australia pero que no cuenta con sus principales estrellas y ya ha disputado un encuentro, en el que cay\u00f3 por 2-1 ante el Juventus italiano, <strong>Simeone<\/strong> destac\u00f3 a su t\u00e9cnico, su compatriota argentino Mauricio Pochettino.<\/p>\n<p style=\"text-align: center;\"><span style=\"color: #3366ff;\">LEER M\u00c1S:\u00a0<a style=\"color: #3366ff;\" href=\"http:\/\/www.futboltotal.com.mx\/2016\/07\/barca-ficho-a-neymar-una-ganga\/\">Bar\u00e7a fich\u00f3 a Neymar por una ganga<\/a><\/span><\/p>\n<p>&#8220;Nos conocemos desde hace mucho tiempo y hemos competido como entrenadores en Espa\u00f1a. Su presente es fabuloso. La temporada pasada logr\u00f3 mostrar una esencia de juego en su equipo. Ojal\u00e1 que pueda seguir mejorando&#8221;, asegur\u00f3 <strong>Simeone<\/strong> respecto a su compatriota, con el que tambi\u00e9n coincidi\u00f3 como jugador en la selecci\u00f3n albiceleste.<\/p>\n<p>Respecto a la selecci\u00f3n argentina, que est\u00e1 sin entrenador tras la renuncia de Gerardo Martino y para la cual se ha hablado tanto de \u00e9l como de otros t\u00e9cnicos de clubes espa\u00f1oles como Jorge Sampaoli, que entrena al Sevilla, Simeone record\u00f3 que hasta ahora nadie ha compatibilizado entrenar un club con la selecci\u00f3n.<\/p>\n<p>&#8220;Nadie lo ha hecho, posiblemente en un futuro sea una posibilidad concreta porque a muchos entrenadores les gustar\u00eda y no lo pueden hacer por los contratos con sus clubes. Con el tiempo puede ser una posibilidad&#8221;, dijo.<\/p>\n<p style=\"text-align: center;\"><span style=\"color: #3366ff;\">LEER M\u00c1S:\u00a0<a style=\"color: #3366ff;\" href=\"http:\/\/www.futboltotal.com.mx\/2016\/07\/raul-jimenez-aguila-real\/\">Ra\u00fal Jim\u00e9nez, el \u00e1guila real<\/a><\/span><\/p>\n<p>El entrenador del <strong>Atl\u00e9tico<\/strong> no descart\u00f3 entrenar en alg\u00fan momento en ligas extranjeras como la Premier League inglesa o la Serie A italiana. &#8220;Soy joven y posiblemente el futuro me lleve a distintas Ligas. Tenemos desaf\u00edos y la Liga inglesa e italiana me seducen&#8221;, asegur\u00f3.<\/p>\n<p>Simeone concluy\u00f3 su comparecencia elogiando a su delantero franc\u00e9s Antoine Griezmann, finalista en la Liga de Campeones con el <strong>Atl\u00e9tico<\/strong> y en la Eurocopa con Francia, que cree deber\u00eda estar en la terna de candidatos al Bal\u00f3n de Oro esta temporada.<\/p>\n<p>&#8220;No tengo duda de que tendr\u00eda que estar entre los tres candidatos al Bal\u00f3n de Oro. Hizo goles y fue determinante siempre&#8221;, sentenci\u00f3. EFE<\/p>\n","protected":false},"excerpt":{"rendered":"<p>El t\u00e9cnico confes\u00f3 que perder la Final &#8220;fue como la muerte&#8221; para \u00e9l<\/p>\n","protected":false},"author":144,"featured_media":413855,"comment_status":"closed","ping_status":"closed","sticky":false,"template":"","format":"standard","meta":[],"categories":[3839,3844,5951],"tags":[6007,1384,1913],"_links":{"self":[{"href":"http:\/\/desarrollo.grupomedios.com\/futbol\/wp-json\/wp\/v2\/posts\/413850"}],"collection":[{"href":"http:\/\/desarrollo.grupomedios.com\/futbol\/wp-json\/wp\/v2\/posts"}],"about":[{"href":"http:\/\/desarrollo.grupomedios.com\/futbol\/wp-json\/wp\/v2\/types\/post"}],"author":[{"embeddable":true,"href":"http:\/\/desarrollo.grupomedios.com\/futbol\/wp-json\/wp\/v2\/users\/144"}],"replies":[{"embeddable":true,"href":"http:\/\/desarrollo.grupomedios.com\/futbol\/wp-json\/wp\/v2\/comments?post=413850"}],"version-history":[{"count":0,"href":"http:\/\/desarrollo.grupomedios.com\/futbol\/wp-json\/wp\/v2\/posts\/413850\/revisions"}],"wp:featuredmedia":[{"embeddable":true,"href":"http:\/\/desarrollo.grupomedios.com\/futbol\/wp-json\/wp\/v2\/media\/413855"}],"wp:attachment":[{"href":"http:\/\/desarrollo.grupomedios.com\/futbol\/wp-json\/wp\/v2\/media?parent=413850"}],"wp:term":[{"taxonomy":"category","embeddable":true,"href":"http:\/\/desarrollo.grupomedios.com\/futbol\/wp-json\/wp\/v2\/categories?post=413850"},{"taxonomy":"post_tag","embeddable":true,"href":"http:\/\/desarrollo.grupomedios.com\/futbol\/wp-json\/wp\/v2\/tags?post=413850"}],"curies":[{"name":"wp","href":"https:\/\/api.w.org\/{rel}","templated":true}]}}