{"id":413898,"date":"2016-07-28T14:27:20","date_gmt":"2016-07-28T19:27:20","guid":{"rendered":"http:\/\/www.futboltotal.com.mx\/?p=413898"},"modified":"2016-07-28T14:30:34","modified_gmt":"2016-07-28T19:30:34","slug":"manchester-city-problemas-sobrepeso","status":"publish","type":"post","link":"http:\/\/desarrollo.grupomedios.com\/futbol\/uncategorized\/manchester-city-problemas-sobrepeso\/2016\/07","title":{"rendered":"Jugadores del City, \u00bfcon problemas de sobrepeso?"},"content":{"rendered":"<p>El <strong>Manchester City<\/strong> de<strong> Josep Guardiola<\/strong> ya est\u00e1 preparando la nueva temporada y por ello busca que sus jugadores est\u00e9n en la mejor forma, aunque diversos medios han revelado que algunos de sus nuevos pupilos como Sergio\u00a0Ag\u00fcero y Samir Nasri, tienen problemas con sobrepeso.<\/p>\n<p>Los rumores tomaron fuerza\u00a0cuando el defensor franc\u00e9s, Gael Clichy, coment\u00f3 que <strong>Guardiola<\/strong> es estricto con el tema del peso y que proh\u00edbe a los jugadores trabajar con \u00e9l si est\u00e1n pasado de kilos.<\/p>\n<p>&nbsp;<\/p>\n<blockquote><p>\u201cSi tienes sobrepeso, con <strong>Guardiola<\/strong> no trabajas a sus \u00f3rdenes. Por eso hay varios jugadores que ahora mismo no entrenan\u00a0con el grupo: si tu peso normal son 60 kgs,\u00a0no puedes dar 70 en la b\u00e1scula porque es m\u00e1s f\u00e1cil que te lesiones y porque lastras el conjunto\u201d, declar\u00f3\u00a0Clichy para el diario\u00a0<em>Daily Mail.<\/em><\/p><\/blockquote>\n<p style=\"text-align: center;\"><span style=\"color: #3366ff;\">LEER M\u00c1S:\u00a0<a style=\"color: #3366ff;\" href=\"http:\/\/www.futboltotal.com.mx\/2016\/07\/manchester-city-doblega-al-dortmund\/\">PRIMER TRIUNFO DE GUARDIOLA CON EL MANCHESTER CITY<\/a><\/span><\/p>\n<p>El jugador que desat\u00f3 la pol\u00e9mica fue el\u00a0<em>Kun\u00a0Ag\u00fcero<\/em>, quien apareci\u00f3 en una foto donde se le ve con unos kilos de m\u00e1s, aunque parece que el argentino ya arregl\u00f3 el problema y disput\u00f3 el partido ante Borussia Dortmund, pero sigue bajo la lupa del timonel catal\u00e1n.<\/p>\n<p><img decoding=\"async\" loading=\"lazy\" class=\"alignnone size-full wp-image-413909\" src=\"http:\/\/www.futboltotal.com.mx\/wp-content\/uploads\/2016\/07\/kun-aguero-sobrepeso.jpg\" alt=\"kun-aguero-sobrepeso\" srcset=\"http:\/\/desarrollo.grupomedios.com\/futbol\/wp-content\/uploads\/2016\/07\/kun-aguero-sobrepeso.jpg 858w, http:\/\/desarrollo.grupomedios.com\/futbol\/wp-content\/uploads\/2016\/07\/kun-aguero-sobrepeso-300x151.jpg 300w, http:\/\/desarrollo.grupomedios.com\/futbol\/wp-content\/uploads\/2016\/07\/kun-aguero-sobrepeso-768x386.jpg 768w, http:\/\/desarrollo.grupomedios.com\/futbol\/wp-content\/uploads\/2016\/07\/kun-aguero-sobrepeso-340x171.jpg 340w\" sizes=\"(max-width: 858px) 100vw, 858px\" \/><\/p>\n<blockquote><p>&#8220;Ellos no tienen sobrepeso, pero yo quiero a\u00a0mis jugadores en forma. El peso es muy importante. Cuando no est\u00e1s en forma, llega el peligro&#8221;, dijo el nuevo t\u00e9cnico del <strong>Manchester City<\/strong>.<\/p><\/blockquote>\n","protected":false},"excerpt":{"rendered":"<p>Guardiola tendr\u00eda a varios jugadores en la mira por sobrepeso<\/p>\n","protected":false},"author":20,"featured_media":413911,"comment_status":"closed","ping_status":"closed","sticky":false,"template":"","format":"standard","meta":[],"categories":[3839,3848,5951,1],"tags":[6214,2510,5993],"_links":{"self":[{"href":"http:\/\/desarrollo.grupomedios.com\/futbol\/wp-json\/wp\/v2\/posts\/413898"}],"collection":[{"href":"http:\/\/desarrollo.grupomedios.com\/futbol\/wp-json\/wp\/v2\/posts"}],"about":[{"href":"http:\/\/desarrollo.grupomedios.com\/futbol\/wp-json\/wp\/v2\/types\/post"}],"author":[{"embeddable":true,"href":"http:\/\/desarrollo.grupomedios.com\/futbol\/wp-json\/wp\/v2\/users\/20"}],"replies":[{"embeddable":true,"href":"http:\/\/desarrollo.grupomedios.com\/futbol\/wp-json\/wp\/v2\/comments?post=413898"}],"version-history":[{"count":0,"href":"http:\/\/desarrollo.grupomedios.com\/futbol\/wp-json\/wp\/v2\/posts\/413898\/revisions"}],"wp:featuredmedia":[{"embeddable":true,"href":"http:\/\/desarrollo.grupomedios.com\/futbol\/wp-json\/wp\/v2\/media\/413911"}],"wp:attachment":[{"href":"http:\/\/desarrollo.grupomedios.com\/futbol\/wp-json\/wp\/v2\/media?parent=413898"}],"wp:term":[{"taxonomy":"category","embeddable":true,"href":"http:\/\/desarrollo.grupomedios.com\/futbol\/wp-json\/wp\/v2\/categories?post=413898"},{"taxonomy":"post_tag","embeddable":true,"href":"http:\/\/desarrollo.grupomedios.com\/futbol\/wp-json\/wp\/v2\/tags?post=413898"}],"curies":[{"name":"wp","href":"https:\/\/api.w.org\/{rel}","templated":true}]}}