{"id":413910,"date":"2016-07-28T14:36:43","date_gmt":"2016-07-28T19:36:43","guid":{"rendered":"http:\/\/www.futboltotal.com.mx\/?p=413910"},"modified":"2016-07-28T14:36:43","modified_gmt":"2016-07-28T19:36:43","slug":"miguel-layun-caracter-talento-unidos","status":"publish","type":"post","link":"http:\/\/desarrollo.grupomedios.com\/futbol\/futbol-internacional\/miguel-layun-caracter-talento-unidos\/2016\/07","title":{"rendered":"Miguel Lay\u00fan, car\u00e1cter y talento unidos"},"content":{"rendered":"<p>Quien no arriesga, no gana; frase que demostr\u00f3 <strong>Miguel Lay\u00fan<\/strong>, quien luego de tantos a\u00f1os de trabajo, se atrevi\u00f3 a retroceder un paso y con ello conseguir mayor impulso para llegar m\u00e1s lejos en el futbol europeo.<\/p>\n<p><a href=\"http:\/\/www.futboltotal.com.mx\/wp-content\/uploads\/2016\/07\/miguel-layun-porto-noticias-1.jpg\"><img decoding=\"async\" loading=\"lazy\" class=\"alignnone size-full wp-image-413915\" src=\"http:\/\/www.futboltotal.com.mx\/wp-content\/uploads\/2016\/07\/miguel-layun-porto-noticias-1.jpg\" alt=\"miguel-layun-porto-noticias-1\" srcset=\"http:\/\/desarrollo.grupomedios.com\/futbol\/wp-content\/uploads\/2016\/07\/miguel-layun-porto-noticias-1.jpg 858w, http:\/\/desarrollo.grupomedios.com\/futbol\/wp-content\/uploads\/2016\/07\/miguel-layun-porto-noticias-1-249x300.jpg 249w, http:\/\/desarrollo.grupomedios.com\/futbol\/wp-content\/uploads\/2016\/07\/miguel-layun-porto-noticias-1-768x925.jpg 768w, http:\/\/desarrollo.grupomedios.com\/futbol\/wp-content\/uploads\/2016\/07\/miguel-layun-porto-noticias-1-851x1024.jpg 851w\" sizes=\"(max-width: 858px) 100vw, 858px\" \/><\/a><\/p>\n<p>Su traves\u00eda por el <em>Viejo Continente<\/em> comenz\u00f3 de forma sombr\u00eda, pues el lateral tuvo un ef\u00edmero paso por tierras jarochas, pero apost\u00f3 por probarse en la Serie A de Italia (2009-10), donde los resultados no fueron los anhelados ya que no se qued\u00f3 y termin\u00f3 por regresar al futbol mexicano.<\/p>\n<p>Pero la suerte acompa\u00f1\u00f3 a medias a <strong>Miguel Lay\u00fan<\/strong>, ya que arrib\u00f3 al <em>Nido<\/em> (2010) pero sus actuaciones defraudaron y molestaron a la afici\u00f3n <em>azulcrema<\/em> que incluso le reprochaba todos los males del club.<\/p>\n<p>Mientras que unos podr\u00edan derrumbarse, el lateral tom\u00f3 la adversidad como fuente de inspiraci\u00f3n. En el Clausura 2013 se consolid\u00f3 como <em>\u00e1guila<\/em> e incluso marc\u00f3 el gol del campeonato.<\/p>\n<p>Todo mejor\u00f3, <strong>Lay\u00fan<\/strong> era figura en su equipo, pero no se conform\u00f3 y se fue a la Segunda Divisi\u00f3n de Inglaterra (2015), donde despert\u00f3 el inter\u00e9s de un gigante de Portugal; como <em>drag\u00f3n<\/em> estall\u00f3 y consigui\u00f3 ser uno de los mejores pasadores&#8230; \u00a1del mundo!<\/p>\n<p>Para la campa\u00f1a 2016-17, se vislumbra un futuro brillante para el seleccionado nacional.<\/p>\n<p>[video_player]https:\/\/player.vimeo.com\/external\/176523110.sd.mp4?s=e0a59572329ee51744ba79cc390073cfa15d7494&amp;profile_id=165[\/video_player]<\/p>\n","protected":false},"excerpt":{"rendered":"<p>El zaguero arriesg\u00f3 y gan\u00f3; ahora est\u00e1 en la \u00e9lite mundial<\/p>\n","protected":false},"author":20,"featured_media":413913,"comment_status":"closed","ping_status":"closed","sticky":false,"template":"","format":"standard","meta":[],"categories":[3839,6718],"tags":[1035],"_links":{"self":[{"href":"http:\/\/desarrollo.grupomedios.com\/futbol\/wp-json\/wp\/v2\/posts\/413910"}],"collection":[{"href":"http:\/\/desarrollo.grupomedios.com\/futbol\/wp-json\/wp\/v2\/posts"}],"about":[{"href":"http:\/\/desarrollo.grupomedios.com\/futbol\/wp-json\/wp\/v2\/types\/post"}],"author":[{"embeddable":true,"href":"http:\/\/desarrollo.grupomedios.com\/futbol\/wp-json\/wp\/v2\/users\/20"}],"replies":[{"embeddable":true,"href":"http:\/\/desarrollo.grupomedios.com\/futbol\/wp-json\/wp\/v2\/comments?post=413910"}],"version-history":[{"count":0,"href":"http:\/\/desarrollo.grupomedios.com\/futbol\/wp-json\/wp\/v2\/posts\/413910\/revisions"}],"wp:featuredmedia":[{"embeddable":true,"href":"http:\/\/desarrollo.grupomedios.com\/futbol\/wp-json\/wp\/v2\/media\/413913"}],"wp:attachment":[{"href":"http:\/\/desarrollo.grupomedios.com\/futbol\/wp-json\/wp\/v2\/media?parent=413910"}],"wp:term":[{"taxonomy":"category","embeddable":true,"href":"http:\/\/desarrollo.grupomedios.com\/futbol\/wp-json\/wp\/v2\/categories?post=413910"},{"taxonomy":"post_tag","embeddable":true,"href":"http:\/\/desarrollo.grupomedios.com\/futbol\/wp-json\/wp\/v2\/tags?post=413910"}],"curies":[{"name":"wp","href":"https:\/\/api.w.org\/{rel}","templated":true}]}}