{"id":413929,"date":"2016-07-28T17:10:34","date_gmt":"2016-07-28T22:10:34","guid":{"rendered":"http:\/\/www.futboltotal.com.mx\/?p=413929"},"modified":"2016-07-28T17:10:34","modified_gmt":"2016-07-28T22:10:34","slug":"nahuel-quiere-renovar-tigres","status":"publish","type":"post","link":"http:\/\/desarrollo.grupomedios.com\/futbol\/futbol-mexicano\/nahuel-quiere-renovar-tigres\/2016\/07","title":{"rendered":"Nahuel habla sobre su futuro con Tigres"},"content":{"rendered":"<p>Para el Apertura 2014, el portero argentino\u00a0<strong>Nahuel Guzm\u00e1n\u00a0<\/strong>arrib\u00f3 a la Liga MX para fichar con <strong><a href=\"http:\/\/www.futboltotal.com.mx\/equipos\/tigres\/\">Tigres de la UANL<\/a><\/strong>. Desembarc\u00f3 tras firmar un contrato por tres a\u00f1os y desde entonces custodia el marco y se ha convertido en una pieza clave de los <em>felinos.\u00a0<\/em><\/p>\n<p>Aunque en el verano pasado se rumor\u00f3 que <a href=\"http:\/\/www.futboltotal.com.mx\/equipos\/tigres\/\"><strong>Tigres<\/strong><\/a> pod\u00eda tener en el radar al uruguayo Fernando Muslera, <strong>Guzm\u00e1n <\/strong>nunca se inquiet\u00f3 ante ello. Ahora que le resta un a\u00f1o de contrato, el <em>Pat\u00f3n<\/em> ha dejado claro que desea renovar con el club, pero no es un tema que priorice en el futuro inmediato.<\/p>\n<p style=\"text-align: center;\"><span style=\"color: #3366ff;\"><strong><a style=\"color: #3366ff;\" href=\"http:\/\/www.futboltotal.com.mx\/futbol-mexicano\/\">LEER M\u00c1S: Todas las noticias de futbol mexicano\u00a0<\/a><\/strong><\/span><\/p>\n<p>&#8220;Nos queda un a\u00f1o lindo y hay objetivos que cumplir Si hay inter\u00e9s por parte del club en renovar habr\u00e1 que ponerse de acuerdo, pero ahora no estoy metido en ello&#8221;, explic\u00f3 el exarquero de Newell&#8217;s en conferencia de prensa.<\/p>\n<p>&#8220;Si renuevo depende de la propuesta que haya, como siempre he dicho, ac\u00e1 estoy contento, he vivido dos a\u00f1os lindos con muchos desaf\u00edos y ya veremos como se da todo&#8221;, agreg\u00f3 Guzm\u00e1n al tiempo que apunt\u00f3: &#8220;Estoy tranquilo y feliz para nuevos desaf\u00edos&#8221;.<\/p>\n","protected":false},"excerpt":{"rendered":"<p>El arquero argentino cuenta si renovar\u00e1 o no con los Felinos<\/p>\n","protected":false},"author":20,"featured_media":413959,"comment_status":"closed","ping_status":"closed","sticky":false,"template":"","format":"standard","meta":[],"categories":[2198,3845,5950],"tags":[6129,5973],"_links":{"self":[{"href":"http:\/\/desarrollo.grupomedios.com\/futbol\/wp-json\/wp\/v2\/posts\/413929"}],"collection":[{"href":"http:\/\/desarrollo.grupomedios.com\/futbol\/wp-json\/wp\/v2\/posts"}],"about":[{"href":"http:\/\/desarrollo.grupomedios.com\/futbol\/wp-json\/wp\/v2\/types\/post"}],"author":[{"embeddable":true,"href":"http:\/\/desarrollo.grupomedios.com\/futbol\/wp-json\/wp\/v2\/users\/20"}],"replies":[{"embeddable":true,"href":"http:\/\/desarrollo.grupomedios.com\/futbol\/wp-json\/wp\/v2\/comments?post=413929"}],"version-history":[{"count":0,"href":"http:\/\/desarrollo.grupomedios.com\/futbol\/wp-json\/wp\/v2\/posts\/413929\/revisions"}],"wp:featuredmedia":[{"embeddable":true,"href":"http:\/\/desarrollo.grupomedios.com\/futbol\/wp-json\/wp\/v2\/media\/413959"}],"wp:attachment":[{"href":"http:\/\/desarrollo.grupomedios.com\/futbol\/wp-json\/wp\/v2\/media?parent=413929"}],"wp:term":[{"taxonomy":"category","embeddable":true,"href":"http:\/\/desarrollo.grupomedios.com\/futbol\/wp-json\/wp\/v2\/categories?post=413929"},{"taxonomy":"post_tag","embeddable":true,"href":"http:\/\/desarrollo.grupomedios.com\/futbol\/wp-json\/wp\/v2\/tags?post=413929"}],"curies":[{"name":"wp","href":"https:\/\/api.w.org\/{rel}","templated":true}]}}