{"id":413938,"date":"2016-07-28T15:14:53","date_gmt":"2016-07-28T20:14:53","guid":{"rendered":"http:\/\/www.futboltotal.com.mx\/?p=413938"},"modified":"2016-07-28T15:14:53","modified_gmt":"2016-07-28T20:14:53","slug":"dia-chaco-gimenez-jugo-baraja-albaniles","status":"publish","type":"post","link":"http:\/\/desarrollo.grupomedios.com\/futbol\/videos\/dia-chaco-gimenez-jugo-baraja-albaniles\/2016\/07","title":{"rendered":"El d\u00eda que Chaco Gim\u00e9nez jug\u00f3 baraja con unos alba\u00f1iles"},"content":{"rendered":"<p>La relaci\u00f3n que tiene <strong>Christian <em>Chaco<\/em> Gim\u00e9nez<\/strong> con la afici\u00f3n del <a href=\"http:\/\/futboltotal.com.mx\/equipos\/cruz-azul\/\" target=\"_blank\"><strong>Cruz Azul<\/strong><\/a> es bien conocida, pues el cari\u00f1o es rec\u00edproco, para muestra el recuerdo que le dio el mediocampista a unos <strong>alba\u00f1iles<\/strong>, con quienes jug\u00f3 baraja y pas\u00f3 un rato agradable.<\/p>\n<p><iframe loading=\"lazy\" src=\"https:\/\/www.youtube.com\/embed\/Oc9f8nwElD0\" frameborder=\"0\" allowfullscreen=\"allowfullscreen\"><\/iframe><\/p>\n","protected":false},"excerpt":{"rendered":"<p>El mediocampista le dej\u00f3 un recuerdo a los aficionados<\/p>\n","protected":false},"author":20,"featured_media":413939,"comment_status":"closed","ping_status":"closed","sticky":false,"template":"","format":"standard","meta":[],"categories":[2198,3845,4],"tags":[5962],"_links":{"self":[{"href":"http:\/\/desarrollo.grupomedios.com\/futbol\/wp-json\/wp\/v2\/posts\/413938"}],"collection":[{"href":"http:\/\/desarrollo.grupomedios.com\/futbol\/wp-json\/wp\/v2\/posts"}],"about":[{"href":"http:\/\/desarrollo.grupomedios.com\/futbol\/wp-json\/wp\/v2\/types\/post"}],"author":[{"embeddable":true,"href":"http:\/\/desarrollo.grupomedios.com\/futbol\/wp-json\/wp\/v2\/users\/20"}],"replies":[{"embeddable":true,"href":"http:\/\/desarrollo.grupomedios.com\/futbol\/wp-json\/wp\/v2\/comments?post=413938"}],"version-history":[{"count":0,"href":"http:\/\/desarrollo.grupomedios.com\/futbol\/wp-json\/wp\/v2\/posts\/413938\/revisions"}],"wp:featuredmedia":[{"embeddable":true,"href":"http:\/\/desarrollo.grupomedios.com\/futbol\/wp-json\/wp\/v2\/media\/413939"}],"wp:attachment":[{"href":"http:\/\/desarrollo.grupomedios.com\/futbol\/wp-json\/wp\/v2\/media?parent=413938"}],"wp:term":[{"taxonomy":"category","embeddable":true,"href":"http:\/\/desarrollo.grupomedios.com\/futbol\/wp-json\/wp\/v2\/categories?post=413938"},{"taxonomy":"post_tag","embeddable":true,"href":"http:\/\/desarrollo.grupomedios.com\/futbol\/wp-json\/wp\/v2\/tags?post=413938"}],"curies":[{"name":"wp","href":"https:\/\/api.w.org\/{rel}","templated":true}]}}