{"id":413999,"date":"2016-07-01T18:03:53","date_gmt":"2016-07-01T23:03:53","guid":{"rendered":"http:\/\/www.futboltotal.com.mx\/?p=413999"},"modified":"2016-07-28T18:11:08","modified_gmt":"2016-07-28T23:11:08","slug":"la-cancha-rubens-sambueza","status":"publish","type":"post","link":"http:\/\/desarrollo.grupomedios.com\/futbol\/futbol-internacional\/la-cancha-rubens-sambueza\/2016\/07","title":{"rendered":"Fuera de la cancha con&#8230; Rubens Sambueza"},"content":{"rendered":"<p>Por: <strong>Patty L\u00f3pez<\/strong> (<a class=\"ProfileHeaderCard-screennameLink u-linkComplex js-nav\" href=\"https:\/\/twitter.com\/pattylopezdelac\">@<span class=\"u-linkComplex-target\">pattylopezdelac<\/span><\/a>) | A su llegada al <em>Nido<\/em> de las \u00c1guilas, <strong>Rubens<\/strong> fue muy cuestionado, sobre todo por sus frecuentes\u00a0amonestaciones y expulsiones derivadas de su fuerte car\u00e1cter y, a veces, de la \u201cfama\u201d de ello. Sin\u00a0embargo, hoy <strong>Sambueza<\/strong> es un pilar del Am\u00e9rica; a mi gusto, el jugador que le da cohesi\u00f3n al grupo,\u00a0el capit\u00e1n. Tuve la oportunidad de conversar con \u00e9l para que me contara c\u00f3mo ha evolucionado\u00a0desde su llegada al equipo, sus inicios en el futbol y su pasi\u00f3n por los tatuajes.<\/p>\n<p>&#8211; \u00bfC\u00f3mo fue tu preparaci\u00f3n para llegar\u00a0a ser futbolista en Argentina?<\/p>\n<p>Yo soy de Neuqu\u00e9n, al sur de Argentina, es una ciudad que queda a 1,600 kil\u00f3metros de la capital. A los 13 a\u00f1os me\u00a0fui de la casa de mis padres a Buenos\u00a0Aires para probarme en River Plate. Pa-<br \/>\ns\u00e9 las pruebas y me qued\u00e9 a vivir en la\u00a0casa club con muchos compa\u00f1eros m\u00e1s;\u00a0\u00e9ramos 50.<\/p>\n<p>&#8211; Cumpliste el ansiado objetivo de\u00a0debutar en 2003 con River Plate,\u00a0\u00bfc\u00f3mo recuerdas esa ocasi\u00f3n?<\/p>\n<p>Debut\u00e9 con Manuel Pellegrini como\u00a0t\u00e9cnico, en un partido contra Lan\u00fas (en\u00a0La Fortaleza). Tristemente, a nosotros\u00a0nos toc\u00f3 perder aquel juego porque \u00e9ramos puros chicos de la sub 20. Perdimos, pero fue realmente incre\u00edble la\u00a0sensaci\u00f3n de debutar con el primer equipo. Yo estaba muy nervioso, la verdad,\u00a0sobre todo en la entrada en calor, pero\u00a0una vez que entras a la\u00a0cancha se te olvida todo<\/p>\n<p>&#8211; Llegaste al Am\u00e9rica\u00a0en 2012, en medio de\u00a0dudas de la gente y el\u00a0descr\u00e9dito de un sector\u00a0de la prensa, pero hoy\u00a0eres un l\u00edder del equipo&#8230;<\/p>\n<p>Creo que he evoluciona\u00a0do mucho desde que estoy ac\u00e1, obviamente para\u00a0bien. Cuando llegu\u00e9 al\u00a0Am\u00e9rica fui muy criticado\u00a0como dec\u00eds vos porque ven\u00eda de un equipo que hab\u00eda descendido (Estudiantes Tecos) y porque no me\u00a0conoc\u00eda pr\u00e1cticamente nadie, pero esas\u00a0cr\u00edticas las dej\u00e9 de lado y solamente me\u00a0dediqu\u00e9 a trabajar y a hacer lo m\u00edo en la\u00a0cancha. Despu\u00e9s tambi\u00e9n, conforme van\u00a0pasando los a\u00f1os, uno aprende de sus errores y as\u00ed fui aprendiendo sobre todo\u00a0en cuanto al tema de las expulsiones.<\/p>\n<p><strong>ENTREVISTA COMPLETA<\/strong> | Revista Futbol Total, edici\u00f3n JULIO 2016<\/p>\n","protected":false},"excerpt":{"rendered":"<p>El capit\u00e1n del Am\u00e9rica platic\u00f3 con Futbol Total<\/p>\n","protected":false},"author":20,"featured_media":414001,"comment_status":"closed","ping_status":"closed","sticky":false,"template":"","format":"standard","meta":[],"categories":[3839,3845],"tags":[5959,808],"_links":{"self":[{"href":"http:\/\/desarrollo.grupomedios.com\/futbol\/wp-json\/wp\/v2\/posts\/413999"}],"collection":[{"href":"http:\/\/desarrollo.grupomedios.com\/futbol\/wp-json\/wp\/v2\/posts"}],"about":[{"href":"http:\/\/desarrollo.grupomedios.com\/futbol\/wp-json\/wp\/v2\/types\/post"}],"author":[{"embeddable":true,"href":"http:\/\/desarrollo.grupomedios.com\/futbol\/wp-json\/wp\/v2\/users\/20"}],"replies":[{"embeddable":true,"href":"http:\/\/desarrollo.grupomedios.com\/futbol\/wp-json\/wp\/v2\/comments?post=413999"}],"version-history":[{"count":0,"href":"http:\/\/desarrollo.grupomedios.com\/futbol\/wp-json\/wp\/v2\/posts\/413999\/revisions"}],"wp:featuredmedia":[{"embeddable":true,"href":"http:\/\/desarrollo.grupomedios.com\/futbol\/wp-json\/wp\/v2\/media\/414001"}],"wp:attachment":[{"href":"http:\/\/desarrollo.grupomedios.com\/futbol\/wp-json\/wp\/v2\/media?parent=413999"}],"wp:term":[{"taxonomy":"category","embeddable":true,"href":"http:\/\/desarrollo.grupomedios.com\/futbol\/wp-json\/wp\/v2\/categories?post=413999"},{"taxonomy":"post_tag","embeddable":true,"href":"http:\/\/desarrollo.grupomedios.com\/futbol\/wp-json\/wp\/v2\/tags?post=413999"}],"curies":[{"name":"wp","href":"https:\/\/api.w.org\/{rel}","templated":true}]}}