{"id":414148,"date":"2016-07-29T09:03:58","date_gmt":"2016-07-29T14:03:58","guid":{"rendered":"http:\/\/www.futboltotal.com.mx\/?p=414148"},"modified":"2016-07-29T09:03:58","modified_gmt":"2016-07-29T14:03:58","slug":"la-historia-christian-benitez","status":"publish","type":"post","link":"http:\/\/desarrollo.grupomedios.com\/futbol\/destacado-home\/la-historia-christian-benitez\/2016\/07","title":{"rendered":"La historia de&#8230; Christian Ben\u00edtez"},"content":{"rendered":"<p>El Sauce es el centro de entrenamientos de El Nacional. Est\u00e1 ubicado en el valle de Tumbaco, a 10 kil\u00f3metros al este de la capital de Ecuador, Quito. En aquel complejo deportivo comenz\u00f3 la gran historia de <strong>Christian Chucho Ben\u00edtez<\/strong>.<\/p>\n<p>All\u00ed, en febrero de 2004, Orlando Narv\u00e1ez acudi\u00f3 a esa cancha y se acerc\u00f3 a platicar con Ever Hugo Almeida, quien entonces dirig\u00eda al primer equipo del cuadro criollo: \u201cProfe, tengo a un chico, es un delantero r\u00e1pido. Quiero que le vea, que le d\u00e9 una oportunidad\u201d.<\/p>\n<p style=\"text-align: center;\"><strong><span style=\"color: #3366ff;\"><a style=\"color: #3366ff;\" href=\"http:\/\/www.futboltotal.com.mx\/futbol-mexicano\/\">LEER M\u00c1S: Todas las noticias del Am\u00e9rica<\/a><\/span><\/strong><\/p>\n<p><a href=\"http:\/\/www.futboltotal.com.mx\/wp-content\/uploads\/2016\/07\/benitez1.jpg\"><img decoding=\"async\" loading=\"lazy\" src=\"http:\/\/www.futboltotal.com.mx\/wp-content\/uploads\/2016\/07\/benitez1.jpg\" alt=\"benitez1\" \/><\/a><\/p>\n<p>Narv\u00e1ez entrenaba a las divisiones inferiores de El Nacional y abogaba por uno de los chicos que ten\u00eda en el equipo sub-20. Almeida le respondi\u00f3: \u201cA ver, m\u00e1ndelo esta semana\u201d. Orlando fue entonces con su pupilo y le dio la buena nueva: \u201cVas a ir a trabajar con los de Primera para que te den una oportunidad\u201d.<\/p>\n<p>Al siguiente fin de semana, Almeida decidi\u00f3 llevar al chico al duelo en el que Nacional visitar\u00eda al Espoli, y le dio algunos minutos de acci\u00f3n. Pese a que le vio algunas condiciones interesantes, algo del futbolista le generaba desconfianza al t\u00e9cnico: su manera de correr, que era un poco extra\u00f1a debido a que hab\u00eda nacido sin el tend\u00f3n cruzado anterior de la rodilla derecha.<\/p>\n<p>[video_player]https:\/\/player.vimeo.com\/external\/176676358.hd.mp4?s=66980011a22ba5f4640ff45cc42a4a38a8a83dae&amp;profile_id=174[\/video_player]<\/p>\n<p>Luego de aquel juego, Ever Hugo habl\u00f3 con Narv\u00e1ez: \u201cMe gust\u00f3, pero quisiera verle otra semana\u201d, a lo que el formador replic\u00f3: \u201cProfe, es un muchacho ganador, a \u00e9l le gusta hacer goles, estar siempre cerca del marco rival\u201d.<\/p>\n<p>As\u00ed, el chico recibi\u00f3 una nueva oportunidad frente a la Liga Universitaria de Quito y convenci\u00f3 finalmente a Almeida.\u00a0\u201cDesde ah\u00ed se qued\u00f3 en Primera Divisi\u00f3n\u201d, cuenta Orlando, y con una nota de nostalgia en la voz a\u00f1ade: \u201c\u00c9l se llamaba Christian Rogelio Ben\u00edtez Betancourt\u201d.<\/p>\n<p><span style=\"color: #800000;\"><strong>Su ilusi\u00f3n: el futbol<\/strong><\/span><\/p>\n<p>La nostalgia se apodera de la voz de Narv\u00e1ez mientras evoca la tarde en que conoci\u00f3 a Ben\u00edtez: \u201cLa carita de \u00e9l cuando reci\u00e9n comenz\u00f3, a los 10 a\u00f1os\u2026 cuando lo dejaron en mis manos para que hiciera de \u00e9l un deportista, un hombre de bien. Su ilusi\u00f3n era el futbol\u201d.<\/p>\n<p>Una tarde de enero de 1997, Rita Betancourt, madre del jugador, lleg\u00f3 a El Sauce a buscar a Orlando, quien trabajaba con la categor\u00eda sub-12 de El Nacional, y le explic\u00f3 que dejar\u00eda el pa\u00eds, pero su hijo se quedar\u00eda y quer\u00eda pedirle un favor: \u201cYo viajo para Italia el viernes [aquello fue un martes], a mi hijo le encanta el futbol, quiere jugar, ay\u00fadame\u201d.<\/p>\n<p><a href=\"http:\/\/www.futboltotal.com.mx\/wp-content\/uploads\/2016\/07\/benitez2.jpg\"><img decoding=\"async\" loading=\"lazy\" src=\"http:\/\/www.futboltotal.com.mx\/wp-content\/uploads\/2016\/07\/benitez2.jpg\" alt=\"benitez2\" \/><\/a><\/p>\n<p>El formador se dirigi\u00f3 entonces al ni\u00f1o, que estaba escondido detr\u00e1s de un \u00e1rbol: \u201cChristian, vente. A ver, \u00bfde qu\u00e9 juegas?\u201d. El peque\u00f1o respondi\u00f3: \u201cSoy delantero, profe\u201d. Orlando lo mand\u00f3 con los otros ni\u00f1os, y en el rato que lo vio entrenar detect\u00f3 su talento, por lo que pidi\u00f3 a Rita que le firmara los permisos necesarios para realizar el fichaje de su hijo con El Nacional.<\/p>\n<p>A partir de ah\u00ed, el chico exhibi\u00f3 su potencia y vocaci\u00f3n de goleador, como detalla Orlando: \u201cEn muchas ocasiones arrancaba desde la mitad de la cancha, dejaba a unos cinco en el camino, luego al arquero y hac\u00eda el gol. Era un show\u201d. Eso le ayud\u00f3 a progresar en las categor\u00edas inferiores del club: pas\u00f3 a la sub-14, 16, 18 y 20. Fue en esta \u00faltima cuando Narv\u00e1ez promovi\u00f3 su llegada al primer equipo. \u201cEra el chico m\u00e1s ilusionado\u201d, recuerda el formador de Ben\u00edtez, a quien desde su arribo al club bautiz\u00f3 como <em><strong>Chucho.<\/strong><\/em><\/p>\n<p><span style=\"color: #800000;\"><strong>Goleador internacional<\/strong><\/span><\/p>\n<p>Pero Narv\u00e1ez sab\u00eda que el talento de Ben\u00edtez no ser\u00eda suficiente para triunfar en el primer equipo: \u201c\u00c9l era delgadito de peque\u00f1o. Yo le dec\u00eda: \u2018Cuando est\u00e9s en Primera Divisi\u00f3n tienes que invertir en tu alimentaci\u00f3n, tienes que desarrollar tu f\u00edsico\u2019. Despu\u00e9s se hizo una mole, fort\u00edsimo\u201d. Eso ayud\u00f3 al <em><strong>Chucho<\/strong><\/em> a hacerse de un lugar en el cuadro dirigido por Almeida, quien afirma que el delantero \u201cera un muchacho lleno de potencia\u201d.<\/p>\n<p>Su participaci\u00f3n con El Nacional fue aumentando y para su tercer torneo, el Clausura 2005, era ya parte del once titular y contribuy\u00f3 con seis goles, incluyendo dos en la liguilla final, en la que los Criollos ganaron el t\u00edtulo. La campa\u00f1a de la consagraci\u00f3n para <strong>Christian<\/strong> fue la de 2006. En esa temporada se disputaron dos torneos en Ecuador y los tres primeros lugares de cada uno disputaron una liguilla en la que el equipo de Ben\u00edtez volvi\u00f3 a coronarse. \u00c9l fue clave, pues aport\u00f3 16 goles.<\/p>\n<p><a href=\"http:\/\/www.futboltotal.com.mx\/wp-content\/uploads\/2016\/07\/Benitez-3.jpg\"><img decoding=\"async\" loading=\"lazy\" src=\"http:\/\/www.futboltotal.com.mx\/wp-content\/uploads\/2016\/07\/Benitez-3.jpg\" alt=\"Benitez-3\" \/><\/a><\/p>\n<p>Para entonces, ya era seleccionado ecuatoriano. En 2006 ten\u00eda 20 a\u00f1os y asisti\u00f3 al Mundial de Alemania. Su escuadra alcanz\u00f3 los octavos de final en aquella justa, y pese a que \u00e9l solo pudo actuar en un duelo, precisamente ante el anfitri\u00f3n, recordaba la experiencia gratamente: \u201cEs muy lindo jugar un Mundial, una aventura, \u00a1es a todo dar!\u201d.<\/p>\n<p>Al a\u00f1o siguiente, <strong>Christian<\/strong> volvi\u00f3 a representar a su pa\u00eds, esta vez en la Copa Am\u00e9rica. Ah\u00ed los resultados para Ecuador fueron p\u00e9simos, pues perdi\u00f3 sus tres duelos y termin\u00f3 en \u00faltimo lugar del Grupo B, pero para <strong><em>Chucho<\/em><\/strong> no todo fue malo. En su segundo encuentro Ecuador enfrent\u00f3 a M\u00e9xico, que venci\u00f3 2-1. Ben\u00edtez no anot\u00f3, pero exhibi\u00f3 su velocidad, facilidad para desmarcarse y capacidad de remate. Al mismo tiempo, Daniel Guzm\u00e1n segu\u00eda el partido por televisi\u00f3n desde su casa en Torre\u00f3n. En ese tiempo, Daniel dirig\u00eda al Santos Laguna, cuadro que hab\u00eda contratado a Oswaldo S\u00e1nchez, el portero mexicano ante Ecuador.<\/p>\n<p>[video_player]https:\/\/player.vimeo.com\/external\/176225837.hd.mp4?s=eabca78ce3ac408b3ee62d41ddd3413cb2398af1&amp;profile_id=174[\/video_player]<\/p>\n<p>La actuaci\u00f3n del 11 ecuatoriano atrajo al <em>Travieso<\/em>, quien recuerda que se comunic\u00f3 con el arquero del <em>Tri<\/em> para preguntarle por el delantero: \u201cLe llam\u00e9 a Oswaldo y me dijo \u2018No lo dudes, ll\u00e9vatelo\u201d. Luego de platicar con el presidente albiverde, Alejandro Irarragorri, el club envi\u00f3 emisarios para conocer mejor a Ben\u00edtez y, tras convencerse de que no solo era un buen futbolista, sino una buena persona (\u201cAyudaba siempre a la gente de su pueblo, Esmeraldas\u201d, dice Guzm\u00e1n), decidieron contratarlo y \u00e9l demostr\u00f3 ser un acierto.<\/p>\n<p>Su arranque vigoroso, su gambeta sorprendente y sus definiciones potentes o quir\u00fargicas, seg\u00fan requiriera el caso, lo convirtieron en pieza fundamental del cuadro lagunero, que se coron\u00f3 en el Clausura 2008. Ben\u00edtez permaneci\u00f3 otro a\u00f1o con Santos, hasta que las noticias de su talento llegaron a Inglaterra, a donde el Birmingham se lo llev\u00f3 en junio de 2009.<\/p>\n<p><span style=\"color: #800000;\"><strong>En M\u00e9xico la gloria<\/strong><\/span><\/p>\n<p>El paso del <strong><em>Chucho<\/em><\/strong> por Inglaterra no fue exitoso. Originalmente, el Birmingham lo hab\u00eda fichado por tres a\u00f1os, pero la falta de tend\u00f3n en su rodilla derecha fue detectada en los ex\u00e1menes m\u00e9dicos, y el club modific\u00f3 el contrato a una compra protegida en la que solo pag\u00f3 por el ecuatoriano dos millones de d\u00f3lares por un a\u00f1o, con la opci\u00f3n de cancelar el fichaje al t\u00e9rmino del mismo.<\/p>\n<p>El regreso de Ben\u00edtez a los Guerreros fue exitoso, pues consigui\u00f3 el t\u00edtulo de goleo del Apertura con 14 tantos y ayud\u00f3 al equipo a llegar a la final. Sin embargo, su ritmo anotador disminuy\u00f3 notablemente en el siguiente campeonato y solo anot\u00f3 cuatro veces.<\/p>\n<p><a href=\"http:\/\/www.futboltotal.com.mx\/wp-content\/uploads\/2016\/07\/benitez4.jpg\"><img decoding=\"async\" loading=\"lazy\" src=\"http:\/\/www.futboltotal.com.mx\/wp-content\/uploads\/2016\/07\/benitez4.jpg\" alt=\"benitez4\" \/><\/a><\/p>\n<p><strong>Christian <\/strong>ten\u00eda contrato con Santos por dos a\u00f1os m\u00e1s, pero para el Apertura 2011 lleg\u00f3 un nuevo giro del destino y se convirti\u00f3 en el fichaje m\u00e1s caro en la historia del futbol mexicano: Am\u00e9rica pag\u00f3 10 millones de d\u00f3lares por \u00e9l. El delantero confes\u00f3 que su familia \u201cno se sent\u00eda bien en Torre\u00f3n ya\u201d por la inseguridad en aquella ciudad, las balaceras ocurridas en aquella ciudad ten\u00edan muy nerviosa a su esposa Lisseth Chal\u00e1 (hija del ex delantero ecuatoriano Cl\u00e9ber Chal\u00e1): \u201cElla quer\u00eda salir huyendo de Torre\u00f3n y yo no me concentraba en lo m\u00edo\u201d. Por ello decidi\u00f3 marcharse a la capital de M\u00e9xico.<\/p>\n<p><a href=\"http:\/\/www.futboltotal.com.mx\/wp-content\/uploads\/2016\/07\/Chucho.jpg\"><img decoding=\"async\" loading=\"lazy\" src=\"http:\/\/www.futboltotal.com.mx\/wp-content\/uploads\/2016\/07\/Chucho.jpg\" alt=\"Chucho\" \/><\/a><\/p>\n<p>\u201cVelocidad, entrega, lucha, sacrificio y sobre todo capacidad goleadora lo distinguen\u201d dec\u00eda el bolet\u00edn con el que las \u00c1guilas confirmaron el fichaje de Ben\u00edtez. Y en efecto, el<strong><em> Chucho<\/em><\/strong> dej\u00f3 bien claro que era un romperredes consumado. Cuatro torneos fueron los que pas\u00f3 con Am\u00e9rica, y en los \u00faltimos tres (Clausura y Apertura de 2012 y Clausura 2013) se convirti\u00f3 en Tricampe\u00f3n de Goleo. Como americanista fueron 52 los tantos que Ben\u00edtez convirti\u00f3, con lo que lleg\u00f3 a 103 en M\u00e9xico. Adem\u00e1s, su aportaci\u00f3n frente al marco ayud\u00f3 a su escuadra a ganar la liga del Clausura 2013.<\/p>\n<p><img decoding=\"async\" loading=\"lazy\" src=\"http:\/\/www.futboltotal.com.mx\/wp-content\/uploads\/2016\/07\/Benitez-6.jpg\" alt=\"Benitez-6\" \/><\/p>\n<p><em><strong>Chucho <\/strong><\/em>decidi\u00f3 marcharse a la liga de Qatar, lejos de la \u00e9lite futbol\u00edstica pero por un contrato en el que El Jaish le dar\u00eda tres millones de d\u00f3lares anuales y lo convertir\u00eda en el jugador mejor pagado en la historia de aquel pa\u00eds. As\u00ed, a inicios de julio de 2013 se march\u00f3 al medio oriente.<\/p>\n<p>Desafortunadamente, no tuvo tiempo de dejar huella all\u00e1. <em><strong>Chucho <\/strong><\/em>solo jug\u00f3 una vez con El Jaish (contra Qatar Sports en la Copa Sheikh Jassim), y en la madrugada del d\u00eda siguiente, el 29 de julio, su historia tuvo un desenlace tr\u00e1gico. Desde aquellas lejanas tierras, en medio de versiones contradictorias (unas mencionaban un accidente de tr\u00e1nsito, otras un paro cardiorrespiratorio) surgi\u00f3 la noticia de que <strong>Christian<\/strong> hab\u00eda fallecido. Sufri\u00f3 una apendicitis que, por no ser atendida, se convirti\u00f3 en peritonitis y le quit\u00f3 la vida.<\/p>\n<p><img decoding=\"async\" loading=\"lazy\" src=\"http:\/\/www.futboltotal.com.mx\/wp-content\/uploads\/2016\/07\/Jaish-benitez.jpg\" alt=\"Jaish-benitez\" \/><\/p>\n<p>Orlando Narv\u00e1ez estaba llegando a El Sauce cuando fue informado del fallecimiento del <em><strong>Chucho<\/strong><\/em>, aquel ni\u00f1o al que \u00e9l hab\u00eda formado como deportista. \u201cHay un dolor inmenso en el coraz\u00f3n -dijo -, Solo podemos pedir conformidad para su familia\u201d. En medio de la pena, Narv\u00e1ez tuvo un pensamiento de consolaci\u00f3n: \u201c\u00c9l seguir\u00e1 haciendo goles en el cielo\u201d. Descanse en paz <strong>Christian Ben\u00edtez<\/strong>.<\/p>\n","protected":false},"excerpt":{"rendered":"<p>El delantero ecuatoriano, \u00eddolo de Santos y Am\u00e9rica, falleci\u00f3 hace tres a\u00f1os<\/p>\n","protected":false},"author":20,"featured_media":414157,"comment_status":"closed","ping_status":"closed","sticky":false,"template":"","format":"standard","meta":[],"categories":[5,2198,3845],"tags":[5959,254],"_links":{"self":[{"href":"http:\/\/desarrollo.grupomedios.com\/futbol\/wp-json\/wp\/v2\/posts\/414148"}],"collection":[{"href":"http:\/\/desarrollo.grupomedios.com\/futbol\/wp-json\/wp\/v2\/posts"}],"about":[{"href":"http:\/\/desarrollo.grupomedios.com\/futbol\/wp-json\/wp\/v2\/types\/post"}],"author":[{"embeddable":true,"href":"http:\/\/desarrollo.grupomedios.com\/futbol\/wp-json\/wp\/v2\/users\/20"}],"replies":[{"embeddable":true,"href":"http:\/\/desarrollo.grupomedios.com\/futbol\/wp-json\/wp\/v2\/comments?post=414148"}],"version-history":[{"count":0,"href":"http:\/\/desarrollo.grupomedios.com\/futbol\/wp-json\/wp\/v2\/posts\/414148\/revisions"}],"wp:featuredmedia":[{"embeddable":true,"href":"http:\/\/desarrollo.grupomedios.com\/futbol\/wp-json\/wp\/v2\/media\/414157"}],"wp:attachment":[{"href":"http:\/\/desarrollo.grupomedios.com\/futbol\/wp-json\/wp\/v2\/media?parent=414148"}],"wp:term":[{"taxonomy":"category","embeddable":true,"href":"http:\/\/desarrollo.grupomedios.com\/futbol\/wp-json\/wp\/v2\/categories?post=414148"},{"taxonomy":"post_tag","embeddable":true,"href":"http:\/\/desarrollo.grupomedios.com\/futbol\/wp-json\/wp\/v2\/tags?post=414148"}],"curies":[{"name":"wp","href":"https:\/\/api.w.org\/{rel}","templated":true}]}}