{"id":414171,"date":"2016-07-29T10:12:11","date_gmt":"2016-07-29T15:12:11","guid":{"rendered":"http:\/\/www.futboltotal.com.mx\/?p=414171"},"modified":"2016-07-29T10:12:11","modified_gmt":"2016-07-29T15:12:11","slug":"mexico-tendra-amistosos-contra-rivales-moleros","status":"publish","type":"post","link":"http:\/\/desarrollo.grupomedios.com\/futbol\/destacado-home\/mexico-tendra-amistosos-contra-rivales-moleros\/2016\/07","title":{"rendered":"M\u00e9xico tendr\u00e1 amistosos contra rivales &#8220;moleros&#8221;"},"content":{"rendered":"<p>La <span style=\"color: #ff0000;\"><a style=\"color: #ff0000;\" href=\"http:\/\/www.futboltotal.com.mx\/futbol-mexicano\/seleccion-mexicana\/\">Selecci\u00f3n Mexicana<\/a><\/span> comienza a preparar su camino rumbo al Hexagonal Final de la Concacaf luego de la dolorosa eliminaci\u00f3n en la Copa Am\u00e9rica ante Chile. Por ello, el pr\u00f3ximo mes de septiembre, el\u00a0<em>Tri\u00a0<\/em>tendr\u00e1 dos amistosos previo a las Eliminatorias de Concacaf rumbo a Rusia 2018, aunque ser\u00e1n de los llamados &#8220;<strong>rivales moleros<\/strong>&#8220;.<\/p>\n<blockquote class=\"twitter-tweet\" data-lang=\"es\">\n<p dir=\"ltr\" lang=\"es\">Y si prefieres video, tenemos La <a href=\"https:\/\/twitter.com\/hashtag\/HistoriaDelPartido?src=hash\">#HistoriaDelPartido<\/a>: M\u00e9xico 0-0 Argentina<a href=\"https:\/\/twitter.com\/hashtag\/SomosM%C3%A9xico?src=hash\">#SomosM\u00e9xico<\/a> <a href=\"https:\/\/t.co\/0lKekdzzl9\">https:\/\/t.co\/0lKekdzzl9<\/a><\/p>\n<p>\u2014 Selecci\u00f3n Nacional (@miseleccionmx) <a href=\"https:\/\/twitter.com\/miseleccionmx\/status\/758876696623800320\">29 de julio de 2016<\/a><\/p><\/blockquote>\n<p><script src=\"\/\/platform.twitter.com\/widgets.js\" async=\"\" charset=\"utf-8\"><\/script><\/p>\n<p>Guatemala ser\u00e1 uno de los rivales\u00a0en los amisotos de <strong>M\u00e9xico<\/strong>, pues los\u00a0<em>Chapines\u00a0<\/em>tambi\u00e9n est\u00e1n buscando un lugar en el Hexagonal Final de la Concacaf. El otro conjunto\u00a0ser\u00e1 Nueva Zelanda, con quien la Selecci\u00f3n Mexicana\u00a0disput\u00f3 el repechaje para la pasada Copa del Mundo de 2014.<\/p>\n<p>Los duelos\u00a0se jugar\u00e1n en la pr\u00f3xima fecha FIFA, los d\u00edas 8 y 11 de octubre, en donde el equipo de Juan Carlos Osorio enfrentar\u00e1 ambas selecciones en Estados Unidos.<\/p>\n<p>Una de las sedes de los partidos de la <strong>M\u00e9xico<\/strong>\u00a0ser\u00e1 en la ciudad de Nasvhille, Tenesse, en donde el Nissan Stadium albergar\u00e1 el partido del 8 de octubre.<\/p>\n<p><iframe loading=\"lazy\" src=\"https:\/\/www.youtube.com\/embed\/Ko1oQCSu_yY?feature=oembed\" frameborder=\"0\" allowfullscreen><\/iframe><\/p>\n<p style=\"text-align: center;\">LEER M\u00c1S:\u00a0<a href=\"http:\/\/www.futboltotal.com.mx\/2016\/07\/miguel-herrera-inconforme-la-liga-mx\/\">MIGUEL HERRERA, INCONFORME CON LA LIGA MX<\/a><\/p>\n<p><strong>\u00a0<\/strong><\/p>\n","protected":false},"excerpt":{"rendered":"<p>El Tri tendr\u00e1 juegos contra Guatemala y Nueva Zelanda en Estados Unidos<\/p>\n","protected":false},"author":20,"featured_media":414172,"comment_status":"closed","ping_status":"closed","sticky":false,"template":"","format":"standard","meta":[],"categories":[5,2198,3847],"tags":[5979],"_links":{"self":[{"href":"http:\/\/desarrollo.grupomedios.com\/futbol\/wp-json\/wp\/v2\/posts\/414171"}],"collection":[{"href":"http:\/\/desarrollo.grupomedios.com\/futbol\/wp-json\/wp\/v2\/posts"}],"about":[{"href":"http:\/\/desarrollo.grupomedios.com\/futbol\/wp-json\/wp\/v2\/types\/post"}],"author":[{"embeddable":true,"href":"http:\/\/desarrollo.grupomedios.com\/futbol\/wp-json\/wp\/v2\/users\/20"}],"replies":[{"embeddable":true,"href":"http:\/\/desarrollo.grupomedios.com\/futbol\/wp-json\/wp\/v2\/comments?post=414171"}],"version-history":[{"count":0,"href":"http:\/\/desarrollo.grupomedios.com\/futbol\/wp-json\/wp\/v2\/posts\/414171\/revisions"}],"wp:featuredmedia":[{"embeddable":true,"href":"http:\/\/desarrollo.grupomedios.com\/futbol\/wp-json\/wp\/v2\/media\/414172"}],"wp:attachment":[{"href":"http:\/\/desarrollo.grupomedios.com\/futbol\/wp-json\/wp\/v2\/media?parent=414171"}],"wp:term":[{"taxonomy":"category","embeddable":true,"href":"http:\/\/desarrollo.grupomedios.com\/futbol\/wp-json\/wp\/v2\/categories?post=414171"},{"taxonomy":"post_tag","embeddable":true,"href":"http:\/\/desarrollo.grupomedios.com\/futbol\/wp-json\/wp\/v2\/tags?post=414171"}],"curies":[{"name":"wp","href":"https:\/\/api.w.org\/{rel}","templated":true}]}}