{"id":414188,"date":"2016-07-29T12:26:12","date_gmt":"2016-07-29T17:26:12","guid":{"rendered":"http:\/\/www.futboltotal.com.mx\/?p=414188"},"modified":"2016-07-29T12:26:12","modified_gmt":"2016-07-29T17:26:12","slug":"hugo-sanchez-quise-luis-aragones-mexico","status":"publish","type":"post","link":"http:\/\/desarrollo.grupomedios.com\/futbol\/destacado-home\/hugo-sanchez-quise-luis-aragones-mexico\/2016\/07","title":{"rendered":"Hugo S\u00e1nchez: &#8220;Quise ser el Luis Aragon\u00e9s de M\u00e9xico&#8221;"},"content":{"rendered":"<p>M\u00e9xico, 29 jul (EFE).- El exfutbolista y entrenador mexicano <strong>Hugo S\u00e1nchez<\/strong> dijo este viernes\u00a0a Efe que quiso ser el Luis Aragon\u00e9s de M\u00e9xico, pero <strong>acab\u00f3 quemado y sin respaldo<\/strong> cuando se\u00f1al\u00f3 que se pod\u00eda ser campe\u00f3n del mundo con un proyecto de doce a\u00f1os.<\/p>\n<p>&nbsp;<\/p>\n<blockquote><p>&#8220;Quise ser el Luis Aragon\u00e9s de M\u00e9xico y (&#8230;) establecer un criterio parecido, similar, (pero) cuando dije que M\u00e9xico pod\u00eda ser campe\u00f3n del mundo siempre y cuando respetaran lo que es el proceso que yo pensaba a doce a\u00f1os para poderlo conseguir, no me apoyaron, ni me respaldaron, sino al rev\u00e9s, me quemaron&#8221;, se\u00f1ala.<\/p><\/blockquote>\n<p>&nbsp;<\/p>\n<p>En una entrevista telef\u00f3nica desde el balneario de Canc\u00fan, S\u00e1nchez expresa su respeto por el &#8220;negocio del f\u00fatbol&#8221; y <strong>el deseo de los due\u00f1os de la Liga<\/strong> de ganar dinero, pero sostiene que el sistema debe cambiar si M\u00e9xico quiere ganar algo importante, ya sea una Copa Am\u00e9rica o un t\u00edtulo mundial.<\/p>\n<p>Admiti\u00f3 que <strong>&#8220;va ser muy complicado&#8221;<\/strong> y va a costar a\u00f1os, <strong>&#8220;como le pas\u00f3 a Espa\u00f1a<\/strong> hasta que no lleg\u00f3 un entrenador como Luis Aragon\u00e9s&#8221;, (1938-2014), quien llev\u00f3 a ese pa\u00eds a conquistar la Eurocopa en 2008, un triunfo que marc\u00f3 el camino de la Roja para ganar la <strong>Copa del Mundo de Sud\u00e1frica 2010<\/strong>.<\/p>\n<p>&nbsp;<\/p>\n<p><a href=\"http:\/\/www.futboltotal.com.mx\/wp-content\/uploads\/2016\/07\/Hugo-Sanchez-declara.jpg\"><img decoding=\"async\" loading=\"lazy\" class=\"alignnone size-full wp-image-414191\" src=\"http:\/\/www.futboltotal.com.mx\/wp-content\/uploads\/2016\/07\/Hugo-Sanchez-declara.jpg\" alt=\"Hug\" srcset=\"http:\/\/desarrollo.grupomedios.com\/futbol\/wp-content\/uploads\/2016\/07\/Hugo-Sanchez-declara.jpg 858w, http:\/\/desarrollo.grupomedios.com\/futbol\/wp-content\/uploads\/2016\/07\/Hugo-Sanchez-declara-300x151.jpg 300w, http:\/\/desarrollo.grupomedios.com\/futbol\/wp-content\/uploads\/2016\/07\/Hugo-Sanchez-declara-768x386.jpg 768w, http:\/\/desarrollo.grupomedios.com\/futbol\/wp-content\/uploads\/2016\/07\/Hugo-Sanchez-declara-340x171.jpg 340w\" sizes=\"(max-width: 858px) 100vw, 858px\" \/><\/a><\/p>\n<p>&nbsp;<\/p>\n<p>El mexicano se\u00f1ala que ahora est\u00e1 en una etapa de su vida m\u00e1s tranquila y de menor presi\u00f3n a la que vivi\u00f3 cuando fue director t\u00e9cnico en M\u00e9xico, una responsabilidad que ocasiona un desgaste generalizado.<\/p>\n<p>&nbsp;<\/p>\n<blockquote><p>&#8220;Si el equipo funciona y anda bien, ganamos todos (&#8230;), pero si el equipo anda mal, el que tiene la culpa es el entrenador, me parece muy injusto&#8221;, comenta.<\/p><\/blockquote>\n<p>&nbsp;<\/p>\n<p>Al referirse a sus \u00faltimas experiencias en el banquillo con el <strong>Almer\u00eda<\/strong> espa\u00f1ol y el <strong>Pachuca<\/strong> de M\u00e9xico, se\u00f1ala que en el primero <strong>&#8220;el presidente quer\u00eda demostrar que sab\u00eda m\u00e1s medicina que el doctor,<\/strong> m\u00e1s preparaci\u00f3n f\u00edsica que el preparador y m\u00e1s que sab\u00eda m\u00e1s de f\u00fatbol que yo&#8221;.<\/p>\n<p>En el Pachuca <strong>&#8220;no tuve una gran experiencia&#8221;<\/strong> porque, a pesar de que le hab\u00edan ofrecido proyecto a tres a\u00f1os, &#8220;tristemente utilizaron mi nombre, mi imagen y mi prestigio para proyectar al equipo en Europa&#8221;, sentencia.<\/p>\n<p>&nbsp;<br \/>\n<iframe loading=\"lazy\" src=\"https:\/\/www.youtube.com\/embed\/q7RzIEORv8g\" frameborder=\"0\" allowfullscreen=\"allowfullscreen\"><\/iframe><\/p>\n<p>&nbsp;<\/p>\n<p>Sobre su nueva etapa de comentarista en la cadena de televisi\u00f3n <strong>ESPN<\/strong>, afirma que se siente c\u00f3modo, adem\u00e1s de que est\u00e1 &#8220;ganando m\u00e1s que si estuviese en un equipo entrenando&#8221;, pero sin la tensi\u00f3n y desgaste, aunque s\u00ed con mucha responsabilidad.<\/p>\n<p>S\u00e1nchez critica la reciente medida adoptada por la Liga de permitir a los equipos convocar diez extranjeros y ocho mexicanos por partido, al considerar que le quita trabajo a los jugadores mexicanos.<\/p>\n<p>&nbsp;<\/p>\n<p><iframe loading=\"lazy\" src=\"https:\/\/www.youtube.com\/embed\/tSEh0ioSlKk\" frameborder=\"0\" allowfullscreen=\"allowfullscreen\"><\/iframe><\/p>\n<p>&nbsp;<\/p>\n<p><strong>&#8220;Son bienvenidos todos los jugadores extranjeros que puedan y que merezcan venir a M\u00e9xico&#8221;, pero este pa\u00eds -dice- no es parte de un bloque como la Uni\u00f3n Europea, donde hay libre tr\u00e1nsito de trabajadores.<\/strong><\/p>\n<p>A los directivos del f\u00fatbol mexicano esto &#8220;les da lo mismo&#8221; porque solo quieren ganar dinero y lo hacen con la compra-venta de jugadores extranjeros, apunta.<\/p>\n<p>M\u00e9xico, indica, no tiene lo que otros pa\u00edses como Brasil, Argentina o Uruguay, donde preparan a los jugadores desde fuerzas b\u00e1sicas y promueven y defienden su f\u00fatbol.<\/p>\n<p>&#8220;<strong>La mentalidad en M\u00e9xico es de malinchismo<\/strong>, que significa alabar y hablar bien de los extranjeros y criticar a lo nacional&#8221;, lamenta S\u00e1nchez sobre el sistema del balompi\u00e9 en el pa\u00eds, donde &#8220;se van a lo f\u00e1cil, que es ganar dinero en poco tiempo sin invertir en tiempo de formaci\u00f3n&#8221;. EFE<\/p>\n<p>jth\/pmc\/jad<\/p>\n","protected":false},"excerpt":{"rendered":"<p>El ext\u00e9cnico del Tri vuelve a levantar pol\u00e9mica<\/p>\n","protected":false},"author":144,"featured_media":414193,"comment_status":"closed","ping_status":"closed","sticky":false,"template":"","format":"standard","meta":[],"categories":[5,2198,3845,3847],"tags":[448,5979],"_links":{"self":[{"href":"http:\/\/desarrollo.grupomedios.com\/futbol\/wp-json\/wp\/v2\/posts\/414188"}],"collection":[{"href":"http:\/\/desarrollo.grupomedios.com\/futbol\/wp-json\/wp\/v2\/posts"}],"about":[{"href":"http:\/\/desarrollo.grupomedios.com\/futbol\/wp-json\/wp\/v2\/types\/post"}],"author":[{"embeddable":true,"href":"http:\/\/desarrollo.grupomedios.com\/futbol\/wp-json\/wp\/v2\/users\/144"}],"replies":[{"embeddable":true,"href":"http:\/\/desarrollo.grupomedios.com\/futbol\/wp-json\/wp\/v2\/comments?post=414188"}],"version-history":[{"count":0,"href":"http:\/\/desarrollo.grupomedios.com\/futbol\/wp-json\/wp\/v2\/posts\/414188\/revisions"}],"wp:featuredmedia":[{"embeddable":true,"href":"http:\/\/desarrollo.grupomedios.com\/futbol\/wp-json\/wp\/v2\/media\/414193"}],"wp:attachment":[{"href":"http:\/\/desarrollo.grupomedios.com\/futbol\/wp-json\/wp\/v2\/media?parent=414188"}],"wp:term":[{"taxonomy":"category","embeddable":true,"href":"http:\/\/desarrollo.grupomedios.com\/futbol\/wp-json\/wp\/v2\/categories?post=414188"},{"taxonomy":"post_tag","embeddable":true,"href":"http:\/\/desarrollo.grupomedios.com\/futbol\/wp-json\/wp\/v2\/tags?post=414188"}],"curies":[{"name":"wp","href":"https:\/\/api.w.org\/{rel}","templated":true}]}}