{"id":414208,"date":"2016-07-29T15:01:51","date_gmt":"2016-07-29T20:01:51","guid":{"rendered":"http:\/\/www.futboltotal.com.mx\/?p=414208"},"modified":"2016-07-29T15:01:51","modified_gmt":"2016-07-29T20:01:51","slug":"didier-drogba-le-marco-a-viejo-amigo","status":"publish","type":"post","link":"http:\/\/desarrollo.grupomedios.com\/futbol\/videos\/didier-drogba-le-marco-a-viejo-amigo\/2016\/07","title":{"rendered":"Didier Drogba le marc\u00f3 a un viejo amigo"},"content":{"rendered":"<p><strong>Didier Drogba<\/strong> es conocido por ser uno de los mejores goleadores en los \u00faltimos a\u00f1os con el Chelsea. En la Premier League, uno de sus clientes favoritos era el Arsenal, club al que le marc\u00f3 en 15 ocasiones cuando se enfrentaron en Inglaterra.<\/p>\n<p>En el Juego de las Estrellas de la <strong>MLS<\/strong> que enfrent\u00f3 a los Gunners, el marfile\u00f1o le volvi\u00f3 a marcar a los dirigidos por Arsene Wenger aunque esta vez con un sabor m\u00e1s especial, pues su amigo <strong>Petr Cech<\/strong> fue quien recibi\u00f3 la anotaci\u00f3n de <strong>Drogba<\/strong>.<\/p>\n<p style=\"text-align: center;\"><a href=\"http:\/\/www.futboltotal.com.mx\/2016\/07\/arkadiusz-milik-nuevo-jugador-del-napoli\/\" target=\"_blank\"><span style=\"color: #3366ff;\">LEER M\u00c1S:\u00a1NAPOLI YA TIENE EL SUSTITUTO DE GONZALO HIGUA\u00cdN!<\/span><\/a><\/p>\n<p><iframe loading=\"lazy\" src=\"https:\/\/www.youtube.com\/embed\/9O6aPJc4-sw?feature=oembed\" frameborder=\"0\" allowfullscreen><\/iframe><\/p>\n<p>El portero checho hab\u00eda declarado que esperaba que el mafile\u00f1o no le marcara gol, porque, en caso de que lo hiciera, se burlar\u00eda de \u00e9l todo el tiempo. Y esta vez no fue la excepci\u00f3n..<\/p>\n<blockquote class=\"twitter-tweet\" data-lang=\"es\">\n<p dir=\"ltr\" lang=\"en\">Yes , my friend DD <a href=\"https:\/\/twitter.com\/didierdrogba\">@didierdrogba<\/a> was very happy about his goal &#8230;  <a href=\"https:\/\/t.co\/H4N8CD10C1\">pic.twitter.com\/H4N8CD10C1<\/a><\/p>\n<p>\u2014 Petr Cech (@PetrCech) <a href=\"https:\/\/twitter.com\/PetrCech\/status\/758883442431930370\">29 de julio de 2016<\/a><\/p><\/blockquote>\n<p><script src=\"\/\/platform.twitter.com\/widgets.js\" async=\"\" charset=\"utf-8\"><\/script><\/p>\n<p>Antes del juego, <strong>Drogba<\/strong> ya hab\u00eda amenazado a Petr Cech que har\u00eda cualquier cosa por anotarle durante el partido de la<strong> MLS<\/strong>.<\/p>\n<blockquote><p>\u201cEs una leyenda, es un gran amigo. Hemos hablado de este partido y que vendr\u00eda. Tenemos un grupo de chat con otros jugadores del Chelsea y hablamos del partido e hicimos chistes sobre el enfrentamiento. Solo quiero marcarle\u201d, declar\u00f3 el delantero.<\/p><\/blockquote>\n","protected":false},"excerpt":{"rendered":"<p>El marfile\u00f1o marc\u00f3 el gol del empate ante el Arsenal<\/p>\n","protected":false},"author":20,"featured_media":414209,"comment_status":"closed","ping_status":"closed","sticky":false,"template":"","format":"standard","meta":[],"categories":[3839,4],"tags":[1738,6214,195],"_links":{"self":[{"href":"http:\/\/desarrollo.grupomedios.com\/futbol\/wp-json\/wp\/v2\/posts\/414208"}],"collection":[{"href":"http:\/\/desarrollo.grupomedios.com\/futbol\/wp-json\/wp\/v2\/posts"}],"about":[{"href":"http:\/\/desarrollo.grupomedios.com\/futbol\/wp-json\/wp\/v2\/types\/post"}],"author":[{"embeddable":true,"href":"http:\/\/desarrollo.grupomedios.com\/futbol\/wp-json\/wp\/v2\/users\/20"}],"replies":[{"embeddable":true,"href":"http:\/\/desarrollo.grupomedios.com\/futbol\/wp-json\/wp\/v2\/comments?post=414208"}],"version-history":[{"count":0,"href":"http:\/\/desarrollo.grupomedios.com\/futbol\/wp-json\/wp\/v2\/posts\/414208\/revisions"}],"wp:featuredmedia":[{"embeddable":true,"href":"http:\/\/desarrollo.grupomedios.com\/futbol\/wp-json\/wp\/v2\/media\/414209"}],"wp:attachment":[{"href":"http:\/\/desarrollo.grupomedios.com\/futbol\/wp-json\/wp\/v2\/media?parent=414208"}],"wp:term":[{"taxonomy":"category","embeddable":true,"href":"http:\/\/desarrollo.grupomedios.com\/futbol\/wp-json\/wp\/v2\/categories?post=414208"},{"taxonomy":"post_tag","embeddable":true,"href":"http:\/\/desarrollo.grupomedios.com\/futbol\/wp-json\/wp\/v2\/tags?post=414208"}],"curies":[{"name":"wp","href":"https:\/\/api.w.org\/{rel}","templated":true}]}}