{"id":414211,"date":"2016-07-29T15:26:38","date_gmt":"2016-07-29T20:26:38","guid":{"rendered":"http:\/\/www.futboltotal.com.mx\/?p=414211"},"modified":"2016-07-30T08:29:00","modified_gmt":"2016-07-30T13:29:00","slug":"adidas-presento-uniformes-alternativos-clubes-europa","status":"publish","type":"post","link":"http:\/\/desarrollo.grupomedios.com\/futbol\/futbol-internacional\/adidas-presento-uniformes-alternativos-clubes-europa\/2016\/07","title":{"rendered":"Clubes europeos tienen listo tercer uniforme"},"content":{"rendered":"<p><strong>Adidas<\/strong>\u00a0sac\u00f3 del horno este viernes los uniformes alternativos que utilizar\u00e1n para la temporada 2016-17, los clubes <strong>AC Mil\u00e1n,<\/strong>\u00a0<strong>Bayern M\u00fanich, Chelsea, Juventus,\u00a0Manchester United y Real Madrid\u00a0<\/strong><\/p>\n<p>Los <em>Red Devils\u00a0<\/em>retoman\u00a0los inicios del Club como Newton Heath LYR Football Club y portar\u00e1n un jersey blanco con detalles negros en las mangas en forma de panal de abejas, mismos que fueron tomados del escudo de la Ciudad de Manchester, el cual lleva una abeja trabajadora que representan un l\u00edder al frente de la herencia industrial del Reino Unido.<\/p>\n<p>La firma alemana ha incorporado esta simbolog\u00eda al nuevo dise\u00f1o como emblema para demostrar que, a trav\u00e9s de la dedicaci\u00f3n, una actitud de \u2018nunca morir\u2019 y un futbol audaz.<\/p>\n<p><img decoding=\"async\" loading=\"lazy\" class=\"alignnone size-full wp-image-414212\" src=\"http:\/\/www.futboltotal.com.mx\/wp-content\/uploads\/2016\/07\/adidas-manu.jpg\" alt=\"adidas-manu\" srcset=\"http:\/\/desarrollo.grupomedios.com\/futbol\/wp-content\/uploads\/2016\/07\/adidas-manu.jpg 858w, http:\/\/desarrollo.grupomedios.com\/futbol\/wp-content\/uploads\/2016\/07\/adidas-manu-300x151.jpg 300w, http:\/\/desarrollo.grupomedios.com\/futbol\/wp-content\/uploads\/2016\/07\/adidas-manu-768x386.jpg 768w, http:\/\/desarrollo.grupomedios.com\/futbol\/wp-content\/uploads\/2016\/07\/adidas-manu-340x171.jpg 340w\" sizes=\"(max-width: 858px) 100vw, 858px\" \/><\/p>\n<p>El color principal del tercer jersey del <strong>Bayern Munich<\/strong> es blanco con detalles en color plata, inspirado en el \u00e9xito del Club Europeo, se complementa con un cuello redondo en tonalidad rojo burdeos.<\/p>\n<p>Las tres franjas de adidas han sido trasladadas desde el hombro hasta los costados y las mangas cuentan con un patr\u00f3n sutil de diamantes, mismo que se ve reflejado en el centro del escudo y es una r\u00e9plica del patr\u00f3n que aparece en la bandera Baviera, el cual exhibe el patrimonio regional del club.<\/p>\n<p>La camisa se complementa con el lema del Bayern M\u00fanich &#8220;Mia san Mia&#8221;, que significa &#8220;Somos quienes somos&#8221;, en la parte interior del cuello.<\/p>\n<p style=\"text-align: center;\"><span style=\"color: #3366ff;\"><strong><a style=\"color: #3366ff;\" href=\"http:\/\/www.futboltotal.com.mx\/2016\/07\/arkadiusz-milik-nuevo-jugador-del-napoli\/\" target=\"_blank\">LEER M\u00c1S: Napoli tiene al reemplazo de\u00a0<\/a><\/strong><span style=\"color: #3366ff;\"><b><u>Higua\u00edn<\/u><\/b><\/span><\/span><\/p>\n<p><img decoding=\"async\" loading=\"lazy\" class=\"alignnone size-full wp-image-414213\" src=\"http:\/\/www.futboltotal.com.mx\/wp-content\/uploads\/2016\/07\/adidas-bayern.jpg\" alt=\"adidas-bayern\" srcset=\"http:\/\/desarrollo.grupomedios.com\/futbol\/wp-content\/uploads\/2016\/07\/adidas-bayern.jpg 858w, http:\/\/desarrollo.grupomedios.com\/futbol\/wp-content\/uploads\/2016\/07\/adidas-bayern-300x151.jpg 300w, http:\/\/desarrollo.grupomedios.com\/futbol\/wp-content\/uploads\/2016\/07\/adidas-bayern-768x386.jpg 768w, http:\/\/desarrollo.grupomedios.com\/futbol\/wp-content\/uploads\/2016\/07\/adidas-bayern-340x171.jpg 340w\" sizes=\"(max-width: 858px) 100vw, 858px\" \/><\/p>\n<p>El tercer uniforme del <strong>Real Madrid<\/strong> es negro con detalles morados. El dise\u00f1o en los hombros representa el camino del Santiago Bernab\u00e9u hasta la fuente de las Cibeles, esta ruta es la que toman los aficionados tradicionalmente para festejar las victorias y los trofeos ganados.<\/p>\n<p>El parche de la Champions en el costado del brazo representa la und\u00e9cima copa UEFA Champions League ganada por el equipo.<\/p>\n<p><img decoding=\"async\" loading=\"lazy\" class=\"alignnone size-full wp-image-414214\" src=\"http:\/\/www.futboltotal.com.mx\/wp-content\/uploads\/2016\/07\/adidas-real-madrid.jpg\" alt=\"adidas-real-madrid\" srcset=\"http:\/\/desarrollo.grupomedios.com\/futbol\/wp-content\/uploads\/2016\/07\/adidas-real-madrid.jpg 858w, http:\/\/desarrollo.grupomedios.com\/futbol\/wp-content\/uploads\/2016\/07\/adidas-real-madrid-300x151.jpg 300w, http:\/\/desarrollo.grupomedios.com\/futbol\/wp-content\/uploads\/2016\/07\/adidas-real-madrid-768x386.jpg 768w, http:\/\/desarrollo.grupomedios.com\/futbol\/wp-content\/uploads\/2016\/07\/adidas-real-madrid-340x171.jpg 340w\" sizes=\"(max-width: 858px) 100vw, 858px\" \/><\/p>\n<p>Para el tercer uniforme que usar\u00e1 la <strong>Juventus<\/strong> esta temporada, las tres franjas cl\u00e1sicas de adidas fueron removidas de las mangas y en este dise\u00f1o aparecen en el costado de la playera.<\/p>\n<p>En las mangas y hombros se puede ver un estampado de cebra haciendo referencia a la \u00e9poca de los 90\u2019s en donde por un peque\u00f1o periodo de tiempo el escudo fue remplazado por la imagen de este animal. Este jersey blanco contrasta al 2do uniforme en donde predomina el color negro.<\/p>\n<p style=\"text-align: center;\"><strong><span style=\"color: #3366ff;\"><a style=\"color: #3366ff;\" href=\"http:\/\/www.futboltotal.com.mx\/2016\/07\/mercado-fichajes-en-europa\/\" target=\"_blank\">LEER M\u00c1S: Mercado de fichajes en Europa<\/a><\/span><\/strong><\/p>\n<p style=\"text-align: center;\"><img decoding=\"async\" loading=\"lazy\" class=\"alignnone size-full wp-image-414216\" src=\"http:\/\/www.futboltotal.com.mx\/wp-content\/uploads\/2016\/07\/adidas-juve.jpg\" alt=\"adidas-juve\" srcset=\"http:\/\/desarrollo.grupomedios.com\/futbol\/wp-content\/uploads\/2016\/07\/adidas-juve.jpg 858w, http:\/\/desarrollo.grupomedios.com\/futbol\/wp-content\/uploads\/2016\/07\/adidas-juve-300x151.jpg 300w, http:\/\/desarrollo.grupomedios.com\/futbol\/wp-content\/uploads\/2016\/07\/adidas-juve-768x386.jpg 768w, http:\/\/desarrollo.grupomedios.com\/futbol\/wp-content\/uploads\/2016\/07\/adidas-juve-340x171.jpg 340w\" sizes=\"(max-width: 858px) 100vw, 858px\" \/><\/p>\n<p>En el nuevo tercer uniforme del <strong>AC Mil\u00e1n<\/strong>, las tres franjas de adidas fueron colocadas en los costados para permitir un dise\u00f1o m\u00e1s creativo en las mangas, con una pintura en spray blanca que hace tributo a la bandera italiana.<\/p>\n<p><img decoding=\"async\" loading=\"lazy\" class=\"alignnone size-full wp-image-414215\" src=\"http:\/\/www.futboltotal.com.mx\/wp-content\/uploads\/2016\/07\/adidas-milan.jpg\" alt=\"adidas-milan\" srcset=\"http:\/\/desarrollo.grupomedios.com\/futbol\/wp-content\/uploads\/2016\/07\/adidas-milan.jpg 858w, http:\/\/desarrollo.grupomedios.com\/futbol\/wp-content\/uploads\/2016\/07\/adidas-milan-300x151.jpg 300w, http:\/\/desarrollo.grupomedios.com\/futbol\/wp-content\/uploads\/2016\/07\/adidas-milan-768x386.jpg 768w, http:\/\/desarrollo.grupomedios.com\/futbol\/wp-content\/uploads\/2016\/07\/adidas-milan-340x171.jpg 340w\" sizes=\"(max-width: 858px) 100vw, 858px\" \/><\/p>\n<p>El modelo del\u00a0<strong>Chelsea<\/strong> es totalmente blanco con la imagen de un imponente le\u00f3n en la manga. Incluye las 3 franjas cl\u00e1sicas de adidas en la zona lateral de la playera en color azul, adem\u00e1s de 2 colores en el escudo y el nombre \u201cChelsea FC\u201d bordado en el cuello.<\/p>\n<p><img decoding=\"async\" loading=\"lazy\" class=\"alignnone size-full wp-image-414217\" src=\"http:\/\/www.futboltotal.com.mx\/wp-content\/uploads\/2016\/07\/adidas-chelsea.jpg\" alt=\"adidas-chelsea\" srcset=\"http:\/\/desarrollo.grupomedios.com\/futbol\/wp-content\/uploads\/2016\/07\/adidas-chelsea.jpg 858w, http:\/\/desarrollo.grupomedios.com\/futbol\/wp-content\/uploads\/2016\/07\/adidas-chelsea-300x151.jpg 300w, http:\/\/desarrollo.grupomedios.com\/futbol\/wp-content\/uploads\/2016\/07\/adidas-chelsea-768x386.jpg 768w, http:\/\/desarrollo.grupomedios.com\/futbol\/wp-content\/uploads\/2016\/07\/adidas-chelsea-340x171.jpg 340w\" sizes=\"(max-width: 858px) 100vw, 858px\" \/><\/p>\n","protected":false},"excerpt":{"rendered":"<p>Adidas revel\u00f3 las indumentarias alternativas para la pr\u00f3xima campa\u00f1a <\/p>\n","protected":false},"author":20,"featured_media":414218,"comment_status":"closed","ping_status":"closed","sticky":false,"template":"","format":"standard","meta":[],"categories":[3839,5951],"tags":[1560,6214],"_links":{"self":[{"href":"http:\/\/desarrollo.grupomedios.com\/futbol\/wp-json\/wp\/v2\/posts\/414211"}],"collection":[{"href":"http:\/\/desarrollo.grupomedios.com\/futbol\/wp-json\/wp\/v2\/posts"}],"about":[{"href":"http:\/\/desarrollo.grupomedios.com\/futbol\/wp-json\/wp\/v2\/types\/post"}],"author":[{"embeddable":true,"href":"http:\/\/desarrollo.grupomedios.com\/futbol\/wp-json\/wp\/v2\/users\/20"}],"replies":[{"embeddable":true,"href":"http:\/\/desarrollo.grupomedios.com\/futbol\/wp-json\/wp\/v2\/comments?post=414211"}],"version-history":[{"count":0,"href":"http:\/\/desarrollo.grupomedios.com\/futbol\/wp-json\/wp\/v2\/posts\/414211\/revisions"}],"wp:featuredmedia":[{"embeddable":true,"href":"http:\/\/desarrollo.grupomedios.com\/futbol\/wp-json\/wp\/v2\/media\/414218"}],"wp:attachment":[{"href":"http:\/\/desarrollo.grupomedios.com\/futbol\/wp-json\/wp\/v2\/media?parent=414211"}],"wp:term":[{"taxonomy":"category","embeddable":true,"href":"http:\/\/desarrollo.grupomedios.com\/futbol\/wp-json\/wp\/v2\/categories?post=414211"},{"taxonomy":"post_tag","embeddable":true,"href":"http:\/\/desarrollo.grupomedios.com\/futbol\/wp-json\/wp\/v2\/tags?post=414211"}],"curies":[{"name":"wp","href":"https:\/\/api.w.org\/{rel}","templated":true}]}}