{"id":414265,"date":"2016-07-29T20:28:48","date_gmt":"2016-07-30T01:28:48","guid":{"rendered":"http:\/\/www.futboltotal.com.mx\/?p=414265"},"modified":"2016-07-29T20:28:48","modified_gmt":"2016-07-30T01:28:48","slug":"detienen-en-brasil-a-menor-vinculado-simpatizantes-terrorismo","status":"publish","type":"post","link":"http:\/\/desarrollo.grupomedios.com\/futbol\/juegos-olimpicos-2016\/detienen-en-brasil-a-menor-vinculado-simpatizantes-terrorismo\/2016\/07","title":{"rendered":"Sigue amenaza de terrorismo en JO"},"content":{"rendered":"<p>La Polic\u00eda brasile\u00f1a detuvo a un menor de edad al que acusa de estar vinculado al grupo de simpatizantes de grupos <strong>terroristas<\/strong> desmontado la semana pasada por supuestamente estar preparando atentados durante los <a href=\"http:\/\/www.futboltotal.com.mx\/juegos-olimpicos-2016\/\" target=\"_blank\"><strong>Juegos Ol\u00edmpicos<\/strong><\/a> que R\u00edo de Janeiro inaugurar\u00e1 el pr\u00f3ximo viernes.<\/p>\n<p>El adolescente de 17 a\u00f1os fue detenido en Morrinhos, una peque\u00f1a ciudad en el estado de Goi\u00e1s (centro), y recluido en un centro especial para j\u00f3venes infractores, inform\u00f3 la Polic\u00eda Federal en un comunicado.<\/p>\n<blockquote class=\"twitter-tweet\" data-lang=\"es\">\n<p dir=\"ltr\" lang=\"es\">Hoy hace 20 a\u00f1os en esta carrera, Michael Johnson gan\u00f3 su primera medalla de oro individual <a href=\"https:\/\/twitter.com\/hashtag\/JuegosOl%C3%ADmpicos?src=hash\">#JuegosOl\u00edmpicos<\/a> <a href=\"https:\/\/t.co\/S9qTjkyMCS\">pic.twitter.com\/S9qTjkyMCS<\/a><\/p>\n<p>\u2014 Los Juegos Ol\u00edmpicos (@juegosolimpicos) <a href=\"https:\/\/twitter.com\/juegosolimpicos\/status\/759176560851189761\">29 de julio de 2016<\/a><\/p><\/blockquote>\n<p><script src=\"\/\/platform.twitter.com\/widgets.js\" async=\"\" charset=\"utf-8\"><\/script><\/p>\n<p>&#8220;Tras verificar la participaci\u00f3n del adolescente en el grupo investigado (por terrorismo), la Polic\u00eda Federal notific\u00f3 del hecho a las autoridades regionales de Goi\u00e1s en cumplimiento de lo establecido por el Estatuto de la Infancia&#8221;, seg\u00fan el comunicado.<\/p>\n<p>De acuerdo con la nota, la reclusi\u00f3n del menor en un centro especial fue ordenada por el Juzgado de la Infancia y la Juventud de Goi\u00e1s, ya que, por su edad, el acusado no puede ser arrestado por la Polic\u00eda ni recluido en centro carcelario.<\/p>\n<p>Hasta ahora las autoridades brasile\u00f1as han detenido a trece adultos acusados de asociaci\u00f3n al terrorismo con el fin de evitar posibles atentados en los Juegos Ol\u00edmpicos.<\/p>\n<p>La semana pasada, el Ministerio de Justicia de Brasil inform\u00f3 de la detenci\u00f3n de doce personas, todos brasile\u00f1os, que supuestamente formaban lo que fue calificado como &#8220;c\u00e9lula&#8221; terrorista &#8220;aficionada&#8221; y &#8220;desorganizada&#8221;.<\/p>\n<blockquote class=\"twitter-tweet\" data-lang=\"es\"><p>\n\u00a1No podemos esperar m\u00e1s! <a href=\"https:\/\/twitter.com\/hashtag\/RumboARio?src=hash\">#RumboARio<\/a> <a href=\"https:\/\/twitter.com\/rio2016_es\">@rio2016_es<\/a> <a href=\"https:\/\/t.co\/1KReOJL5ub\">pic.twitter.com\/1KReOJL5ub<\/a><\/p>\n<p>\u2014 Los Juegos Ol\u00edmpicos (@juegosolimpicos) <a href=\"https:\/\/twitter.com\/juegosolimpicos\/status\/759092472823832576\">29 de julio de 2016<\/a>\n<\/p><\/blockquote>\n<p><script src=\"\/\/platform.twitter.com\/widgets.js\" async=\"\" charset=\"utf-8\"><\/script><\/p>\n<p>Seg\u00fan las autoridades, esas personas intercambiaban mensajes en las redes sociales en los que exaltaban al Estado Isl\u00e1mico (EI) e incluso buscaban adquirir armas a trav\u00e9s de vendedores clandestinos que operan en Paraguay.<\/p>\n<p>Las doce personas arrestadas fueron acusadas formalmente de apolog\u00eda al terrorismo y de emprender preparativos para posibles actos terroristas.<\/p>\n<p>&nbsp;<\/p>\n","protected":false},"excerpt":{"rendered":"<p>Detienen en Brasil a un menor vinculado con simpatizantes de radicales<\/p>\n","protected":false},"author":144,"featured_media":414266,"comment_status":"closed","ping_status":"closed","sticky":false,"template":"","format":"standard","meta":[],"categories":[7182,7188],"tags":[1911,5664],"_links":{"self":[{"href":"http:\/\/desarrollo.grupomedios.com\/futbol\/wp-json\/wp\/v2\/posts\/414265"}],"collection":[{"href":"http:\/\/desarrollo.grupomedios.com\/futbol\/wp-json\/wp\/v2\/posts"}],"about":[{"href":"http:\/\/desarrollo.grupomedios.com\/futbol\/wp-json\/wp\/v2\/types\/post"}],"author":[{"embeddable":true,"href":"http:\/\/desarrollo.grupomedios.com\/futbol\/wp-json\/wp\/v2\/users\/144"}],"replies":[{"embeddable":true,"href":"http:\/\/desarrollo.grupomedios.com\/futbol\/wp-json\/wp\/v2\/comments?post=414265"}],"version-history":[{"count":0,"href":"http:\/\/desarrollo.grupomedios.com\/futbol\/wp-json\/wp\/v2\/posts\/414265\/revisions"}],"wp:featuredmedia":[{"embeddable":true,"href":"http:\/\/desarrollo.grupomedios.com\/futbol\/wp-json\/wp\/v2\/media\/414266"}],"wp:attachment":[{"href":"http:\/\/desarrollo.grupomedios.com\/futbol\/wp-json\/wp\/v2\/media?parent=414265"}],"wp:term":[{"taxonomy":"category","embeddable":true,"href":"http:\/\/desarrollo.grupomedios.com\/futbol\/wp-json\/wp\/v2\/categories?post=414265"},{"taxonomy":"post_tag","embeddable":true,"href":"http:\/\/desarrollo.grupomedios.com\/futbol\/wp-json\/wp\/v2\/tags?post=414265"}],"curies":[{"name":"wp","href":"https:\/\/api.w.org\/{rel}","templated":true}]}}