{"id":414349,"date":"2016-07-30T11:44:32","date_gmt":"2016-07-30T16:44:32","guid":{"rendered":"http:\/\/www.futboltotal.com.mx\/?p=414349"},"modified":"2016-07-30T11:44:32","modified_gmt":"2016-07-30T16:44:32","slug":"figo-dice-cristiano-mejor-eusebio","status":"publish","type":"post","link":"http:\/\/desarrollo.grupomedios.com\/futbol\/futbol-internacional\/figo-dice-cristiano-mejor-eusebio\/2016\/07","title":{"rendered":"Para Figo, Cristiano no es el mejor de Portugal"},"content":{"rendered":"<p>Para muchos, <strong>Cristiano Ronaldo<\/strong> es uno de los mejores jugadores en la historia del futbol y se confirm\u00f3 m\u00e1s tras el t\u00edtulo que consigui\u00f3 en la pasada Eurocopa, aunque su compatriota <strong>Luis Figo<\/strong>, no lo pone como el mejor en la historia de Portugal.<\/p>\n<blockquote><p>&#8220;\u00c9l (<strong>Cristiano<\/strong>) es uno de los mejores, pero para m\u00ed no hay nadie por encima de Eusebio&#8221;, declar\u00f3 el exjugador del\u00a0del Real Madrid.<\/p><\/blockquote>\n<p><strong>Figo<\/strong> estuvo como invitado en un programa de la cadena estadounidense <em>Univisi\u00f3n<\/em>, donde tambi\u00e9n colabora el ex jugador y compa\u00f1ero del portugu\u00e9s en el Barcelona, Hristo Stoichkov, por lo que fue recordada su pol\u00e9mica transferencia del club <em>Blaugrana<\/em> al Real Madrid.<\/p>\n<blockquote class=\"twitter-tweet\" data-lang=\"es\">\n<p dir=\"ltr\" lang=\"es\"> | Se &#8216;calent\u00f3&#8217; el Verdadero o Falso entre Figo y Stoichkov: <a href=\"https:\/\/t.co\/1I8RGNtGL9\">https:\/\/t.co\/1I8RGNtGL9<\/a><\/p>\n<p>\u2014 Univision Deportes (@UnivisionSports) <a href=\"https:\/\/twitter.com\/UnivisionSports\/status\/759144426639757312\">29 de julio de 2016<\/a><\/p><\/blockquote>\n<p><script src=\"\/\/platform.twitter.com\/widgets.js\" async=\"\" charset=\"utf-8\"><\/script><\/p>\n<blockquote>\n<p style=\"text-align: center;\">&#8220;Ya pasaron 16 a\u00f1os, pero s\u00e9 que me va a acompa\u00f1ar toda la vida. Fue una decisi\u00f3n acertada, cuando no te valoran en un sitio y tienes la oportunidad de cambiar para mejor.He ganado muchos t\u00edtulos en el Real Madrid y eso es lo que cuenta&#8221;.<\/p>\n<\/blockquote>\n<p style=\"text-align: center;\"><span style=\"color: #3366ff;\">LEER M\u00c1S:\u00a0<a style=\"color: #3366ff;\" href=\"http:\/\/www.futboltotal.com.mx\/2016\/07\/atletico-madrid-confirma-llegada-kevin-gameiro\/\">ATL\u00c9TICO DE MADRID CONFIRMA LLEGADA DE KEVIN GAMEIRO<\/a><\/span><\/p>\n<p>Ya con el tema en la mesa y con la respuesta de <strong>Figo<\/strong>, Stoichkov no dud\u00f3 en recordarle algo a su ex compa\u00f1ero:\u00a0&#8220;Si te veo por Barcelona, sigo insult\u00e1ndote&#8221;.<\/p>\n","protected":false},"excerpt":{"rendered":"<p>Figo tambi\u00e9n habl\u00f3 de su paso del Barcelona al Madrid<\/p>\n","protected":false},"author":20,"featured_media":414350,"comment_status":"closed","ping_status":"closed","sticky":false,"template":"","format":"standard","meta":[],"categories":[3839,5951],"tags":[1496,6214,715],"_links":{"self":[{"href":"http:\/\/desarrollo.grupomedios.com\/futbol\/wp-json\/wp\/v2\/posts\/414349"}],"collection":[{"href":"http:\/\/desarrollo.grupomedios.com\/futbol\/wp-json\/wp\/v2\/posts"}],"about":[{"href":"http:\/\/desarrollo.grupomedios.com\/futbol\/wp-json\/wp\/v2\/types\/post"}],"author":[{"embeddable":true,"href":"http:\/\/desarrollo.grupomedios.com\/futbol\/wp-json\/wp\/v2\/users\/20"}],"replies":[{"embeddable":true,"href":"http:\/\/desarrollo.grupomedios.com\/futbol\/wp-json\/wp\/v2\/comments?post=414349"}],"version-history":[{"count":0,"href":"http:\/\/desarrollo.grupomedios.com\/futbol\/wp-json\/wp\/v2\/posts\/414349\/revisions"}],"wp:featuredmedia":[{"embeddable":true,"href":"http:\/\/desarrollo.grupomedios.com\/futbol\/wp-json\/wp\/v2\/media\/414350"}],"wp:attachment":[{"href":"http:\/\/desarrollo.grupomedios.com\/futbol\/wp-json\/wp\/v2\/media?parent=414349"}],"wp:term":[{"taxonomy":"category","embeddable":true,"href":"http:\/\/desarrollo.grupomedios.com\/futbol\/wp-json\/wp\/v2\/categories?post=414349"},{"taxonomy":"post_tag","embeddable":true,"href":"http:\/\/desarrollo.grupomedios.com\/futbol\/wp-json\/wp\/v2\/tags?post=414349"}],"curies":[{"name":"wp","href":"https:\/\/api.w.org\/{rel}","templated":true}]}}