{"id":414355,"date":"2016-07-30T12:50:17","date_gmt":"2016-07-30T17:50:17","guid":{"rendered":"http:\/\/www.futboltotal.com.mx\/?p=414355"},"modified":"2016-07-30T13:53:22","modified_gmt":"2016-07-30T18:53:22","slug":"arsene-wenger-destaco-cualidades-carlos-vela","status":"publish","type":"post","link":"http:\/\/desarrollo.grupomedios.com\/futbol\/destacado-home\/arsene-wenger-destaco-cualidades-carlos-vela\/2016\/07","title":{"rendered":"Arsene Wenger elogia a Carlos Vela"},"content":{"rendered":"<p>Previo al partido amistoso que su equipo jugar\u00e1 frente a las Chivas, el t\u00e9cnico del <strong>Arsenal<\/strong>, <strong>Arsene Wenger<\/strong>, habl\u00f3 de las cualidades del jugador mexicano<strong> Carlos Vela<\/strong>.<\/p>\n<blockquote><p>&#8220;<strong>Carlos Vela<\/strong> tiene un talento top y es uno de los mejores delanteros que hay en <strong>Europa. <\/strong>Es muy inteligente con el bal\u00f3n&#8221;, coment\u00f3 el timonel franc\u00e9s previo al amistoso.<\/p><\/blockquote>\n<p><strong>Wenger<\/strong> tuvo al mando a<strong> Vela<\/strong> cuando \u00e9ste pas\u00f3 por el Arsenal entre 2008 y 2011, donde luego fue prestado al West Bromwich de la Premier League antes de su paso con la Real Sociedad.<\/p>\n<p style=\"text-align: center;\"><span style=\"color: #3366ff;\">LEER M\u00c1S:\u00a0<a style=\"color: #3366ff;\" href=\"http:\/\/www.futboltotal.com.mx\/2016\/07\/giovani-dos-santos-quiere-volver-la-seleccion-mexicana\/\">\u00a1GIOVANI DOS SANTOS QUIERE VOLVER AL TRI!<\/a><\/span><\/p>\n<p><iframe loading=\"lazy\" src=\"https:\/\/www.youtube.com\/embed\/ig6WprT3PLk\" frameborder=\"0\" allowfullscreen=\"allowfullscreen\"><\/iframe><\/p>\n<p>Adem\u00e1s de hablar de <strong>Vela<\/strong>, el t\u00e9cnico de los\u00a0<em>Gunners\u00a0<\/em>tambi\u00e9n reconoc\u00edo el talento que hay en el futbol mexicano, por lo que le extra\u00f1a que no haya m\u00e1s jugadores de este pa\u00eds en el\u00a0<em>Viejo Continente.<\/em><\/p>\n<blockquote><p>&#8220;No s\u00e9 que necesiten los jugadores mexicanos para que haya m\u00e1s en <strong>Europa<\/strong>&#8220;, expres\u00f3.<\/p><\/blockquote>\n<p style=\"text-align: center;\"><span style=\"color: #3366ff;\"><a style=\"color: #3366ff;\" href=\"http:\/\/www.futboltotal.com.mx\/futbol-internacional\/mexicanos-en-europa\/\">LEER M\u00c1S: Todas las noticias de los Mexicanos en Europa<\/a><\/span><\/p>\n<p><strong>Arsenal<\/strong> y Chivas jugar\u00e1n el pr\u00f3ximo domingo en el Stubhub Center de Los \u00c1ngeles, en un partido amistoso por la gira de los\u00a0<em>Gunners\u00a0<\/em>en Estados Unidos, quienes ya disputaron su primer encuentro en donde salieron victoriosos por 2-1 ante las Estrellas de la MLS.<\/p>\n","protected":false},"excerpt":{"rendered":"<p>Wenger dijo que Vela &#8220;es un jugador top de Europa&#8221;<\/p>\n","protected":false},"author":20,"featured_media":414357,"comment_status":"closed","ping_status":"closed","sticky":false,"template":"","format":"standard","meta":[],"categories":[5,3839,6718,5951],"tags":[6044,6048,4545],"_links":{"self":[{"href":"http:\/\/desarrollo.grupomedios.com\/futbol\/wp-json\/wp\/v2\/posts\/414355"}],"collection":[{"href":"http:\/\/desarrollo.grupomedios.com\/futbol\/wp-json\/wp\/v2\/posts"}],"about":[{"href":"http:\/\/desarrollo.grupomedios.com\/futbol\/wp-json\/wp\/v2\/types\/post"}],"author":[{"embeddable":true,"href":"http:\/\/desarrollo.grupomedios.com\/futbol\/wp-json\/wp\/v2\/users\/20"}],"replies":[{"embeddable":true,"href":"http:\/\/desarrollo.grupomedios.com\/futbol\/wp-json\/wp\/v2\/comments?post=414355"}],"version-history":[{"count":0,"href":"http:\/\/desarrollo.grupomedios.com\/futbol\/wp-json\/wp\/v2\/posts\/414355\/revisions"}],"wp:featuredmedia":[{"embeddable":true,"href":"http:\/\/desarrollo.grupomedios.com\/futbol\/wp-json\/wp\/v2\/media\/414357"}],"wp:attachment":[{"href":"http:\/\/desarrollo.grupomedios.com\/futbol\/wp-json\/wp\/v2\/media?parent=414355"}],"wp:term":[{"taxonomy":"category","embeddable":true,"href":"http:\/\/desarrollo.grupomedios.com\/futbol\/wp-json\/wp\/v2\/categories?post=414355"},{"taxonomy":"post_tag","embeddable":true,"href":"http:\/\/desarrollo.grupomedios.com\/futbol\/wp-json\/wp\/v2\/tags?post=414355"}],"curies":[{"name":"wp","href":"https:\/\/api.w.org\/{rel}","templated":true}]}}