{"id":414476,"date":"2016-07-30T19:35:43","date_gmt":"2016-07-31T00:35:43","guid":{"rendered":"http:\/\/www.futboltotal.com.mx\/?p=414476"},"modified":"2016-07-30T19:35:43","modified_gmt":"2016-07-31T00:35:43","slug":"cruz-azul-regresaria-al-estadio-azteca","status":"publish","type":"post","link":"http:\/\/desarrollo.grupomedios.com\/futbol\/futbol-mexicano\/cruz-azul-regresaria-al-estadio-azteca\/2016\/07","title":{"rendered":"Cruz Azul regresar\u00eda al Estadio Azteca"},"content":{"rendered":"<p>Cuando se dio a conocer que Televisa volver\u00eda a transmitir los partidos del <a href=\"http:\/\/futboltotal.com.mx\/equipos\/cruz-azul\/\" target=\"_blank\"><strong>Cruz Azul<\/strong><\/a>, trascendi\u00f3 que el equipo tambi\u00e9n adoptar\u00eda el <strong>Estadio Azteca<\/strong> como su nueva casa, rumor retoma fuerza e incluso ya se hablan de conversaciones de los directivos <em>celestes<\/em>.<\/p>\n<p>De acuerdo con <em>Referee<\/em>, ya se iniciaron las negociaciones para que la <em>M\u00e1quina<\/em> deje la cancha del Azul, para comenzar con una nueva era.<\/p>\n<blockquote class=\"twitter-tweet\" data-lang=\"es\">\n<p dir=\"ltr\" lang=\"es\">La previa del partido contra <a href=\"https:\/\/twitter.com\/Rayados\">@Rayados<\/a>, \u00a1Vamos M\u00e1quina! <a href=\"https:\/\/twitter.com\/hashtag\/AzulEsTodo?src=hash\">#AzulEsTodo<\/a> <a href=\"https:\/\/t.co\/Otiqm6HUDm\">pic.twitter.com\/Otiqm6HUDm<\/a><\/p>\n<p>\u2014 CRUZ AZUL FC \u00ae (@Cruz_Azul_FC) <a href=\"https:\/\/twitter.com\/Cruz_Azul_FC\/status\/759518988795797505\">30 de julio de 2016<\/a><\/p><\/blockquote>\n<p><script src=\"\/\/platform.twitter.com\/widgets.js\" async=\"\" charset=\"utf-8\"><\/script><\/p>\n<p>El <strong>Estadio Azteca<\/strong> no ser\u00eda una casa extra\u00f1a para <strong>Cruz Azul<\/strong>, pues el <em>Coloso de Santa \u00darsula<\/em> fue su fortaleza durante 26 a\u00f1os, tiempo en el que gan\u00f3 cinco t\u00edtulos, cuatro de ellos como local.<\/p>\n<p>En caso que se lleve a cabo dicha modificaci\u00f3n, ser\u00eda hasta 2018 que los <em>Cementeros<\/em> se muden.<\/p>\n","protected":false},"excerpt":{"rendered":"<p>La M\u00e1quina dejar\u00eda la cancha del Azul <\/p>\n","protected":false},"author":20,"featured_media":414481,"comment_status":"closed","ping_status":"closed","sticky":false,"template":"","format":"standard","meta":[],"categories":[2198,3845,5950],"tags":[5962],"_links":{"self":[{"href":"http:\/\/desarrollo.grupomedios.com\/futbol\/wp-json\/wp\/v2\/posts\/414476"}],"collection":[{"href":"http:\/\/desarrollo.grupomedios.com\/futbol\/wp-json\/wp\/v2\/posts"}],"about":[{"href":"http:\/\/desarrollo.grupomedios.com\/futbol\/wp-json\/wp\/v2\/types\/post"}],"author":[{"embeddable":true,"href":"http:\/\/desarrollo.grupomedios.com\/futbol\/wp-json\/wp\/v2\/users\/20"}],"replies":[{"embeddable":true,"href":"http:\/\/desarrollo.grupomedios.com\/futbol\/wp-json\/wp\/v2\/comments?post=414476"}],"version-history":[{"count":0,"href":"http:\/\/desarrollo.grupomedios.com\/futbol\/wp-json\/wp\/v2\/posts\/414476\/revisions"}],"wp:featuredmedia":[{"embeddable":true,"href":"http:\/\/desarrollo.grupomedios.com\/futbol\/wp-json\/wp\/v2\/media\/414481"}],"wp:attachment":[{"href":"http:\/\/desarrollo.grupomedios.com\/futbol\/wp-json\/wp\/v2\/media?parent=414476"}],"wp:term":[{"taxonomy":"category","embeddable":true,"href":"http:\/\/desarrollo.grupomedios.com\/futbol\/wp-json\/wp\/v2\/categories?post=414476"},{"taxonomy":"post_tag","embeddable":true,"href":"http:\/\/desarrollo.grupomedios.com\/futbol\/wp-json\/wp\/v2\/tags?post=414476"}],"curies":[{"name":"wp","href":"https:\/\/api.w.org\/{rel}","templated":true}]}}