{"id":414589,"date":"2016-07-30T22:08:41","date_gmt":"2016-07-31T03:08:41","guid":{"rendered":"http:\/\/www.futboltotal.com.mx\/?p=414589"},"modified":"2016-07-30T22:20:56","modified_gmt":"2016-07-31T03:20:56","slug":"seleccion-mexicana-sub-23-viajo-a-rio","status":"publish","type":"post","link":"http:\/\/desarrollo.grupomedios.com\/futbol\/futbol-mexicano\/seleccion-mexicana-sub-23-viajo-a-rio\/2016\/07","title":{"rendered":"Selecci\u00f3n Mexicana Sub-23 parti\u00f3 a R\u00edo de Janeiro"},"content":{"rendered":"<p>La <a href=\"http:\/\/www.futboltotal.com.mx\/futbol-mexicano\/seleccion-mexicana\/\">Selecci\u00f3n Mexicana Sub-23<\/a> ya viaj\u00f3 a R\u00edo de Janeiro para disputar los <a href=\"http:\/\/futboltotal.com.mx\/juegos-olimpicos-2016\/\">Juegos Ol\u00edmpicos de 2016<\/a>, donde buscar\u00e1n defender el oro conseguido en la edici\u00f3n de Londres 2012.<\/p>\n<blockquote class=\"twitter-tweet\" data-lang=\"es\">\n<p dir=\"ltr\" lang=\"es\"><a href=\"https:\/\/twitter.com\/hashtag\/NotiTuit?src=hash\">#NotiTuit<\/a> <a href=\"https:\/\/twitter.com\/CocaColaMx\">@CocaColaMx<\/a><br \/>\nHoras m\u00e1s tarde, inici\u00f3 la traves\u00eda. \u00a1Aqu\u00ed vamos, Brasil! <a href=\"https:\/\/twitter.com\/hashtag\/SomosM%C3%A9xico?src=hash\">#SomosM\u00e9xico<\/a>  <a href=\"https:\/\/t.co\/pG0geSQpKK\">pic.twitter.com\/pG0geSQpKK<\/a><\/p>\n<p>\u2014 Selecci\u00f3n Nacional (@miseleccionmx) <a href=\"https:\/\/twitter.com\/miseleccionmx\/status\/759574340614533120\">31 de julio de 2016<\/a><\/p><\/blockquote>\n<p><script src=\"\/\/platform.twitter.com\/widgets.js\" async=\"\" charset=\"utf-8\"><\/script><\/p>\n<p>El t\u00e9cnico de la <strong>Selecci\u00f3n Mexicana<\/strong>, Ra\u00fal Guti\u00e9rrez, asegur\u00f3 que ir\u00e1n a Brasil en b\u00fasqueda de hacer su propia historia, aunque con la misi\u00f3n de repetir el triunfo de la edici\u00f3n 2012 y agregar otro t\u00edtulo a su palmar\u00e9s, pues ya cuenta una Copa del Mundo Sub-17.<\/p>\n<blockquote><p>&#8220;Podemos hacer una historia tan grande como en 2012. Tengo 18 jugadores y esa es mi base, es lo \u00fanico que tengo claro ahora&#8221;, dijo Guti\u00e9rrez.<\/p><\/blockquote>\n<p>El <em>Potro<\/em> tambi\u00e9n habl\u00f3 sobre lo que ser\u00e1 el primer partido del\u00a0<em>Tricolor<\/em>, que enfrentar\u00e1 a Alemania, rival al que el timonel mexicano espera con muchas ganas tras su ausencia en pasadas ediciones.<\/p>\n<blockquote><p>&#8220;El equipo alem\u00e1n, despu\u00e9s de tantos a\u00f1os de no participar en unos <strong>Juegos Ol\u00edmpicos<\/strong> seguro que saldr\u00e1n a dar una buena cara. Han hecho un buen trabajo en los \u00faltimos a\u00f1os y tenemos que hacer un buen partido&#8221;, dijo Ra\u00fal Guti\u00e9rrez, quien tambi\u00e9n confirm\u00f3 que el capit\u00e1n de la <strong>Selecci\u00f3n Mexicana<\/strong> ser\u00e1 Oribe Peralta.<\/p><\/blockquote>\n<p style=\"text-align: center;\"><span style=\"color: #3366ff;\">LEER M\u00c1S:\u00a0<a style=\"color: #3366ff;\" href=\"http:\/\/www.futboltotal.com.mx\/2016\/07\/resultado-liga-mx-monterrey-1-1-cruz-azul-2\/\">Rayados perdona y empata con Cruz Azul<\/a><\/span><\/p>\n","protected":false},"excerpt":{"rendered":"<p>El Tricolor ir\u00e1 a R\u00edo a defender el Oro<\/p>\n","protected":false},"author":20,"featured_media":414593,"comment_status":"closed","ping_status":"closed","sticky":false,"template":"","format":"standard","meta":[],"categories":[2198,7186,7182,3847,5950],"tags":[3883,1911,5664,5979],"_links":{"self":[{"href":"http:\/\/desarrollo.grupomedios.com\/futbol\/wp-json\/wp\/v2\/posts\/414589"}],"collection":[{"href":"http:\/\/desarrollo.grupomedios.com\/futbol\/wp-json\/wp\/v2\/posts"}],"about":[{"href":"http:\/\/desarrollo.grupomedios.com\/futbol\/wp-json\/wp\/v2\/types\/post"}],"author":[{"embeddable":true,"href":"http:\/\/desarrollo.grupomedios.com\/futbol\/wp-json\/wp\/v2\/users\/20"}],"replies":[{"embeddable":true,"href":"http:\/\/desarrollo.grupomedios.com\/futbol\/wp-json\/wp\/v2\/comments?post=414589"}],"version-history":[{"count":0,"href":"http:\/\/desarrollo.grupomedios.com\/futbol\/wp-json\/wp\/v2\/posts\/414589\/revisions"}],"wp:featuredmedia":[{"embeddable":true,"href":"http:\/\/desarrollo.grupomedios.com\/futbol\/wp-json\/wp\/v2\/media\/414593"}],"wp:attachment":[{"href":"http:\/\/desarrollo.grupomedios.com\/futbol\/wp-json\/wp\/v2\/media?parent=414589"}],"wp:term":[{"taxonomy":"category","embeddable":true,"href":"http:\/\/desarrollo.grupomedios.com\/futbol\/wp-json\/wp\/v2\/categories?post=414589"},{"taxonomy":"post_tag","embeddable":true,"href":"http:\/\/desarrollo.grupomedios.com\/futbol\/wp-json\/wp\/v2\/tags?post=414589"}],"curies":[{"name":"wp","href":"https:\/\/api.w.org\/{rel}","templated":true}]}}