{"id":414609,"date":"2016-07-30T22:56:37","date_gmt":"2016-07-31T03:56:37","guid":{"rendered":"http:\/\/www.futboltotal.com.mx\/?p=414609"},"modified":"2016-07-30T23:42:08","modified_gmt":"2016-07-31T04:42:08","slug":"resultado-liga-mx-america-0-3-tigres","status":"publish","type":"post","link":"http:\/\/desarrollo.grupomedios.com\/futbol\/destacado-home\/resultado-liga-mx-america-0-3-tigres\/2016\/07","title":{"rendered":"Tigres amarga el Centenario del Am\u00e9rica"},"content":{"rendered":"<p>Para la <strong>jornada 3<\/strong> del <strong>Apertura 2016<\/strong>, el platillo fuerte fue el choque entre <a href=\"http:\/\/futboltotal.com.mx\/equipos\/america\/\" target=\"_blank\"><strong>Am\u00e9rica<\/strong><\/a> y <a href=\"http:\/\/futboltotal.com.mx\/equipos\/tigres\/\" target=\"_blank\"><strong>Tigres<\/strong><\/a>, duelo con creciente rivalidad, pues se trata de dos planteles imponentes, sin embargo, las \u00c1guilas volvieron a sufrir por una expulsi\u00f3n, en esta ocasi\u00f3n por la de Renato Ibarra que condicion\u00f3 el encuentro y al final los pupilos de Ignacio Ambr\u00edz perdieron 0-3.<\/p>\n<p>La ilusi\u00f3n de seguir con la racha ganadora, se sinti\u00f3 en el Estadio Azteca, sobre todo porque la UANL llegaba con la p\u00f3lvora mojada, el problema fue que Javier Aquino despert\u00f3 para firmar un golazo memorable (38\u2019), adem\u00e1s que la roja que se gan\u00f3 Ibarra (45\u2019) empeor\u00f3 el panorama.<\/p>\n<p>Para el complemento del cotejo, Andr\u00e9-Pierre Gignac aprovech\u00f3 para despertar y tambi\u00e9n se adjudic\u00f3 una anotaci\u00f3n de clase europea (59\u2019), ya en la recta final, Ismael Sosa se junt\u00f3 con Luis Qui\u00f1ones y firmaron la goleada. Con este marcador, los <em>Felinos<\/em> escalaron al quinto puesto con cinco unidades, mientras que los <em>Azulcremas<\/em> se estancaron en el cuarto pelda\u00f1o con seis puntos.<\/p>\n<p><iframe loading=\"lazy\" src=\"https:\/\/www.youtube.com\/embed\/VnOqOipIKqc\" frameborder=\"0\" allowfullscreen=\"allowfullscreen\"><\/iframe><\/p>\n<p>Alineaci\u00f3n <strong>Am\u00e9rica<\/strong>: Hugo Gonz\u00e1lez, Bruno Vald\u00e9z, Osmar Mares, Paul Aguilar, Pablo Aguilar, Osvaldo Mart\u00ednez, Rubens Sambueza, Jos\u00e9 Guerrero (Jes\u00fas Moreno 85&#8242;), Alex Ibarra, Darwin Quintero (William da Silva 60\u2019), Silvio Romero. DT: Ignacio Ambr\u00edz.<\/p>\n<p>Alineaci\u00f3n <strong>Tigres<\/strong>: Nahuel Guzm\u00e1n, Juninho, Israel Jim\u00e9nez, Hugo Ayala, Lucas Zelaray\u00e1n (J\u00fcrgen Damm 60\u2019), Jorge Torres, Javier Aquino (Luis Qui\u00f1ones 85&#8242;), Alberto Acosta (Manuel Viniegra 76\u2019), Guido Pizarro, Ismael Sosa, Andr\u00e9-Pierre Gignac. DT: Ricardo Ferretti.<\/p>\n<p>\u00c1rbitro: Jos\u00e9 Isaac Rojas.<\/p>\n<p><iframe loading=\"lazy\" src=\"https:\/\/www.youtube.com\/embed\/UEv_kSJvzDM\" frameborder=\"0\" allowfullscreen=\"allowfullscreen\"><\/iframe><\/p>\n<p style=\"text-align: center;\"><span style=\"color: #3366ff;\"><a style=\"color: #3366ff;\" href=\"http:\/\/www.futboltotal.com.mx\/2016\/07\/en-vivo-america-vs-tigres-liga-mx-2\/\" target=\"_blank\"><strong>As\u00ed se vivi\u00f3 el Am\u00e9rica vs. Tigres<\/strong><\/a><\/span><\/p>\n","protected":false},"excerpt":{"rendered":"<p>Los regios vencieron 0-3 a diez \u00c1guilas<\/p>\n","protected":false},"author":20,"featured_media":414610,"comment_status":"closed","ping_status":"closed","sticky":false,"template":"","format":"standard","meta":[],"categories":[5,2198,3845],"tags":[5959,5973],"_links":{"self":[{"href":"http:\/\/desarrollo.grupomedios.com\/futbol\/wp-json\/wp\/v2\/posts\/414609"}],"collection":[{"href":"http:\/\/desarrollo.grupomedios.com\/futbol\/wp-json\/wp\/v2\/posts"}],"about":[{"href":"http:\/\/desarrollo.grupomedios.com\/futbol\/wp-json\/wp\/v2\/types\/post"}],"author":[{"embeddable":true,"href":"http:\/\/desarrollo.grupomedios.com\/futbol\/wp-json\/wp\/v2\/users\/20"}],"replies":[{"embeddable":true,"href":"http:\/\/desarrollo.grupomedios.com\/futbol\/wp-json\/wp\/v2\/comments?post=414609"}],"version-history":[{"count":0,"href":"http:\/\/desarrollo.grupomedios.com\/futbol\/wp-json\/wp\/v2\/posts\/414609\/revisions"}],"wp:featuredmedia":[{"embeddable":true,"href":"http:\/\/desarrollo.grupomedios.com\/futbol\/wp-json\/wp\/v2\/media\/414610"}],"wp:attachment":[{"href":"http:\/\/desarrollo.grupomedios.com\/futbol\/wp-json\/wp\/v2\/media?parent=414609"}],"wp:term":[{"taxonomy":"category","embeddable":true,"href":"http:\/\/desarrollo.grupomedios.com\/futbol\/wp-json\/wp\/v2\/categories?post=414609"},{"taxonomy":"post_tag","embeddable":true,"href":"http:\/\/desarrollo.grupomedios.com\/futbol\/wp-json\/wp\/v2\/tags?post=414609"}],"curies":[{"name":"wp","href":"https:\/\/api.w.org\/{rel}","templated":true}]}}