{"id":414732,"date":"2016-07-31T16:16:33","date_gmt":"2016-07-31T21:16:33","guid":{"rendered":"http:\/\/www.futboltotal.com.mx\/?p=414732"},"modified":"2016-07-31T16:16:33","modified_gmt":"2016-07-31T21:16:33","slug":"jurgen-klopp-intenta-hacer-sturridge-dance","status":"publish","type":"post","link":"http:\/\/desarrollo.grupomedios.com\/futbol\/videos\/jurgen-klopp-intenta-hacer-sturridge-dance\/2016\/07","title":{"rendered":"\u00a1El baile de J\u00fcrgen Klopp!"},"content":{"rendered":"<p>A trav\u00e9s de sus redes sociales, el <strong>Liverpool<\/strong> comparti\u00f3 un video donde el director t\u00e9cnico del club, <strong>J\u00fcrgen Klopp<\/strong>, atendi\u00f3 a ni\u00f1os en el Anfield y los emocion\u00f3, al imitar el festejo de Daniel Sturridge, uno de sus pupilos en el cuadro de la Premier League.<\/p>\n<p style=\"text-align: center;\"><span style=\"color: #3366ff;\"><a style=\"color: #3366ff;\" href=\"http:\/\/www.futboltotal.com.mx\/2016\/07\/yanet-garcia-la-conductora-fanatica-tigres-impresiono-a-la-prensa-inglesa\/\" target=\"_blank\"><strong>LEER M\u00c1S: Yanet Garc\u00eda impresiona a prensa inglesa<\/strong><\/a><\/span><\/p>\n<p><iframe loading=\"lazy\" src=\"https:\/\/www.youtube.com\/embed\/iavOAnT3LBw\" frameborder=\"0\" allowfullscreen=\"allowfullscreen\"><\/iframe><\/p>\n","protected":false},"excerpt":{"rendered":"<p>El DT emociona a ni\u00f1os aficionados del Liverpool<\/p>\n","protected":false},"author":20,"featured_media":414735,"comment_status":"closed","ping_status":"closed","sticky":false,"template":"","format":"standard","meta":[],"categories":[3839,3846,4,6433],"tags":[5460,2863,5989],"_links":{"self":[{"href":"http:\/\/desarrollo.grupomedios.com\/futbol\/wp-json\/wp\/v2\/posts\/414732"}],"collection":[{"href":"http:\/\/desarrollo.grupomedios.com\/futbol\/wp-json\/wp\/v2\/posts"}],"about":[{"href":"http:\/\/desarrollo.grupomedios.com\/futbol\/wp-json\/wp\/v2\/types\/post"}],"author":[{"embeddable":true,"href":"http:\/\/desarrollo.grupomedios.com\/futbol\/wp-json\/wp\/v2\/users\/20"}],"replies":[{"embeddable":true,"href":"http:\/\/desarrollo.grupomedios.com\/futbol\/wp-json\/wp\/v2\/comments?post=414732"}],"version-history":[{"count":0,"href":"http:\/\/desarrollo.grupomedios.com\/futbol\/wp-json\/wp\/v2\/posts\/414732\/revisions"}],"wp:featuredmedia":[{"embeddable":true,"href":"http:\/\/desarrollo.grupomedios.com\/futbol\/wp-json\/wp\/v2\/media\/414735"}],"wp:attachment":[{"href":"http:\/\/desarrollo.grupomedios.com\/futbol\/wp-json\/wp\/v2\/media?parent=414732"}],"wp:term":[{"taxonomy":"category","embeddable":true,"href":"http:\/\/desarrollo.grupomedios.com\/futbol\/wp-json\/wp\/v2\/categories?post=414732"},{"taxonomy":"post_tag","embeddable":true,"href":"http:\/\/desarrollo.grupomedios.com\/futbol\/wp-json\/wp\/v2\/tags?post=414732"}],"curies":[{"name":"wp","href":"https:\/\/api.w.org\/{rel}","templated":true}]}}